{"id":1245,"date":"2018-09-07T09:29:22","date_gmt":"2018-09-07T07:29:22","guid":{"rendered":"https:\/\/akademia-zdrowia.pl\/kielce\/?p=1245"},"modified":"2022-08-12T23:12:51","modified_gmt":"2022-08-12T21:12:51","slug":"fryzjer-i-pracownik-biurowy-ecdl","status":"publish","type":"post","link":"https:\/\/akademia-zdrowia.pl\/kielce\/fryzjer-i-pracownik-biurowy-ecdl\/","title":{"rendered":"FRYZJER i PRACOWNIK BIUROWY + ECDL"},"content":{"rendered":"<p>&nbsp;<\/p>\n<p>Akademia Zdrowia zaprasza na bezp\u0142atny kurs <strong>fryzjer ? czeladnik<\/strong>, kt\u00f3ry przygotuje Ci\u0119 do wykonywania zawodu. Na kursie dowiesz si\u0119 wszystkich niezb\u0119dnych informacji oraz b\u0119dziesz mia\u0142 mo\u017cliwo\u015b\u0107 zastosowa\u0107 je w praktyce w naszej pracowni fryzjerskiej.<\/p>\n<p>Zapraszamy r\u00f3wnie\u017c na bezp\u0142atny kurs ? <strong>pracownik biurowy + ECDL<\/strong>. Kurs ten umo\u017cliwi Ci przygotowanie do pracy na stanowisku pracownik administracyjno ? biurowy, zar\u00f3wno poprzez dostarczenie wiedzy teoretycznej jak i praktycznej. Dodatkowo otrzymasz Europejski Certyfikat Umiej\u0119tno\u015bci Komputerowych<\/p>\n<p>&nbsp;<\/p>\n<p>Szkolenia organizowane s\u0105 w ramach projektu <strong>?M\u0142odzi zmieniaj\u0105 \u015bwi\u0119tokrzyski rynek pracy?<\/strong> Dzia\u0142ania kierowane \u00a0s\u0105 dla os\u00f3b do 29 roku \u017cycia, nie pracuj\u0105cych oraz zamieszkuj\u0105cych wojew\u00f3dztwo \u015bwi\u0119tokrzyskie. Projekt\u00a0jest wsp\u00f3\u0142finansowany ze \u015brodk\u00f3w Europejskiego Funduszu Spo\u0142ecznego w ramach\u00a0<strong>Dzia\u0142ania 1.2 Wsparcie os\u00f3b m\u0142odych pozostaj\u0105cych bez pracy na regionalnym rynku pracy.\u00a0<\/strong>W ramach kurs\u00f3w zapewniamy:<\/p>\n<ul>\n<li>\u00a0stypendium szkoleniowe<\/li>\n<li>\u00a0zwrot koszt\u00f3w dojazdu<\/li>\n<li>catering<\/li>\n<li>sta\u017ce zawodowe<\/li>\n<\/ul>\n<p><img fetchpriority=\"high\" decoding=\"async\" class=\"aligncenter wp-image-1246 size-full\" src=\"https:\/\/akademia-zdrowia.pl\/kielce\/wp-content\/uploads\/sites\/4\/2018\/09\/tel.-42-255-77-00_01.jpg\" alt=\"\" width=\"940\" height=\"788\" srcset=\"https:\/\/akademia-zdrowia.pl\/kielce\/wp-content\/uploads\/2018\/09\/tel.-42-255-77-00_01.jpg 940w, https:\/\/akademia-zdrowia.pl\/kielce\/wp-content\/uploads\/2018\/09\/tel.-42-255-77-00_01-300x251.jpg 300w, https:\/\/akademia-zdrowia.pl\/kielce\/wp-content\/uploads\/2018\/09\/tel.-42-255-77-00_01-768x644.jpg 768w, https:\/\/akademia-zdrowia.pl\/kielce\/wp-content\/uploads\/2018\/09\/tel.-42-255-77-00_01-80x68.jpg 80w, https:\/\/akademia-zdrowia.pl\/kielce\/wp-content\/uploads\/2018\/09\/tel.-42-255-77-00_01-500x419.jpg 500w\" sizes=\"(max-width: 940px) 100vw, 940px\" \/><\/p>\n<p>Ch\u0119tne osoby zapraszamy do wype\u0142nienia formularza zg\u0142oszeniowego w Akademii Zdrowia, al. IX Wiek\u00f3w Kielc 8\/24 lub do kontaktu telefonicznego.<\/p>\n<p>&nbsp;<\/p>\n<p>Akademia Zdrowia<\/p>\n<p>Al. IX Wiek\u00f3w Kielc 8\/24<\/p>\n<p>25-516 Kielce<\/p>\n<p>Tel. 41\/368-00-66; 41\/360-00-66<\/p>\n<p>e-mail:\u00a0<a href=\"mailto:kielce@akademia-zdrowia.pl\">kielce@akademia-zdrowia.pl<\/a><\/p>\n<p>Biuro czynne od poniedzia\u0142ku do pi\u0105tku w godzinach od 8.00 do 16.00<\/p>\n<p>&nbsp;<\/p>\n","protected":false},"excerpt":{"rendered":"<p>&nbsp; Akademia Zdrowia zaprasza na bezp\u0142atny kurs fryzjer ? czeladnik, kt\u00f3ry przygotuje Ci\u0119 do wykonywania zawodu. Na kursie dowiesz si\u0119 wszystkich niezb\u0119dnych informacji oraz b\u0119dziesz mia\u0142 mo\u017cliwo\u015b\u0107 zastosowa\u0107 je w praktyce w naszej pracowni fryzjerskiej. Zapraszamy r\u00f3wnie\u017c na bezp\u0142atny kurs ? pracownik biurowy + ECDL. Kurs ten umo\u017cliwi Ci przygotowanie do pracy na stanowisku pracownik&#8230;<\/p>\n","protected":false},"author":1,"featured_media":1246,"comment_status":"closed","ping_status":"closed","sticky":false,"template":"","format":"standard","meta":{"footnotes":""},"categories":[1],"tags":[],"class_list":["post-1245","post","type-post","status-publish","format-standard","has-post-thumbnail","hentry","category-bez-kategorii"],"yoast_head":"<!-- This site is optimized with the Yoast SEO plugin v26.9 - https:\/\/yoast.com\/product\/yoast-seo-wordpress\/ -->\n<title>FRYZJER i PRACOWNIK BIUROWY + ECDL - Akademia Zdrowia Kielce<\/title>\n<meta name=\"robots\" content=\"index, follow, max-snippet:-1, max-image-preview:large, max-video-preview:-1\" \/>\n<link rel=\"canonical\" href=\"https:\/\/akademia-zdrowia.pl\/kielce\/fryzjer-i-pracownik-biurowy-ecdl\/\" \/>\n<meta property=\"og:locale\" content=\"pl_PL\" \/>\n<meta property=\"og:type\" content=\"article\" \/>\n<meta property=\"og:title\" content=\"FRYZJER i PRACOWNIK BIUROWY + ECDL - Akademia Zdrowia Kielce\" \/>\n<meta property=\"og:description\" content=\"&nbsp; Akademia Zdrowia zaprasza na bezp\u0142atny kurs fryzjer ? czeladnik, kt\u00f3ry przygotuje Ci\u0119 do wykonywania zawodu. Na kursie dowiesz si\u0119 wszystkich niezb\u0119dnych informacji oraz b\u0119dziesz mia\u0142 mo\u017cliwo\u015b\u0107 zastosowa\u0107 je w praktyce w naszej pracowni fryzjerskiej. Zapraszamy r\u00f3wnie\u017c na bezp\u0142atny kurs ? pracownik biurowy + ECDL. Kurs ten umo\u017cliwi Ci przygotowanie do pracy na stanowisku pracownik...\" \/>\n<meta property=\"og:url\" content=\"https:\/\/akademia-zdrowia.pl\/kielce\/fryzjer-i-pracownik-biurowy-ecdl\/\" \/>\n<meta property=\"og:site_name\" content=\"Akademia Zdrowia Kielce\" \/>\n<meta property=\"article:published_time\" content=\"2018-09-07T07:29:22+00:00\" \/>\n<meta property=\"article:modified_time\" content=\"2022-08-12T21:12:51+00:00\" \/>\n<meta property=\"og:image\" content=\"https:\/\/akademia-zdrowia.pl\/kielce\/wp-content\/uploads\/2018\/09\/tel.-42-255-77-00_01.jpg\" \/>\n\t<meta property=\"og:image:width\" content=\"940\" \/>\n\t<meta property=\"og:image:height\" content=\"788\" \/>\n\t<meta property=\"og:image:type\" content=\"image\/jpeg\" \/>\n<meta name=\"author\" content=\"grafpro\" \/>\n<meta name=\"twitter:card\" content=\"summary_large_image\" \/>\n<meta name=\"twitter:label1\" content=\"Napisane przez\" \/>\n\t<meta name=\"twitter:data1\" content=\"grafpro\" \/>\n\t<meta name=\"twitter:label2\" content=\"Szacowany czas czytania\" \/>\n\t<meta name=\"twitter:data2\" content=\"1 minuta\" \/>\n<script type=\"application\/ld+json\" class=\"yoast-schema-graph\">{\"@context\":\"https:\/\/schema.org\",\"@graph\":[{\"@type\":\"Article\",\"@id\":\"https:\/\/akademia-zdrowia.pl\/kielce\/fryzjer-i-pracownik-biurowy-ecdl\/#article\",\"isPartOf\":{\"@id\":\"https:\/\/akademia-zdrowia.pl\/kielce\/fryzjer-i-pracownik-biurowy-ecdl\/\"},\"author\":{\"name\":\"grafpro\",\"@id\":\"https:\/\/akademia-zdrowia.pl\/kielce\/#\/schema\/person\/82c1caa75b251b3f13678950c21f54d6\"},\"headline\":\"FRYZJER i PRACOWNIK BIUROWY + ECDL\",\"datePublished\":\"2018-09-07T07:29:22+00:00\",\"dateModified\":\"2022-08-12T21:12:51+00:00\",\"mainEntityOfPage\":{\"@id\":\"https:\/\/akademia-zdrowia.pl\/kielce\/fryzjer-i-pracownik-biurowy-ecdl\/\"},\"wordCount\":215,\"image\":{\"@id\":\"https:\/\/akademia-zdrowia.pl\/kielce\/fryzjer-i-pracownik-biurowy-ecdl\/#primaryimage\"},\"thumbnailUrl\":\"https:\/\/akademia-zdrowia.pl\/kielce\/wp-content\/uploads\/2018\/09\/tel.-42-255-77-00_01.jpg\",\"inLanguage\":\"pl-PL\"},{\"@type\":\"WebPage\",\"@id\":\"https:\/\/akademia-zdrowia.pl\/kielce\/fryzjer-i-pracownik-biurowy-ecdl\/\",\"url\":\"https:\/\/akademia-zdrowia.pl\/kielce\/fryzjer-i-pracownik-biurowy-ecdl\/\",\"name\":\"FRYZJER i PRACOWNIK BIUROWY + ECDL - Akademia Zdrowia Kielce\",\"isPartOf\":{\"@id\":\"https:\/\/akademia-zdrowia.pl\/kielce\/#website\"},\"primaryImageOfPage\":{\"@id\":\"https:\/\/akademia-zdrowia.pl\/kielce\/fryzjer-i-pracownik-biurowy-ecdl\/#primaryimage\"},\"image\":{\"@id\":\"https:\/\/akademia-zdrowia.pl\/kielce\/fryzjer-i-pracownik-biurowy-ecdl\/#primaryimage\"},\"thumbnailUrl\":\"https:\/\/akademia-zdrowia.pl\/kielce\/wp-content\/uploads\/2018\/09\/tel.-42-255-77-00_01.jpg\",\"datePublished\":\"2018-09-07T07:29:22+00:00\",\"dateModified\":\"2022-08-12T21:12:51+00:00\",\"author\":{\"@id\":\"https:\/\/akademia-zdrowia.pl\/kielce\/#\/schema\/person\/82c1caa75b251b3f13678950c21f54d6\"},\"breadcrumb\":{\"@id\":\"https:\/\/akademia-zdrowia.pl\/kielce\/fryzjer-i-pracownik-biurowy-ecdl\/#breadcrumb\"},\"inLanguage\":\"pl-PL\",\"potentialAction\":[{\"@type\":\"ReadAction\",\"target\":[\"https:\/\/akademia-zdrowia.pl\/kielce\/fryzjer-i-pracownik-biurowy-ecdl\/\"]}]},{\"@type\":\"ImageObject\",\"inLanguage\":\"pl-PL\",\"@id\":\"https:\/\/akademia-zdrowia.pl\/kielce\/fryzjer-i-pracownik-biurowy-ecdl\/#primaryimage\",\"url\":\"https:\/\/akademia-zdrowia.pl\/kielce\/wp-content\/uploads\/2018\/09\/tel.-42-255-77-00_01.jpg\",\"contentUrl\":\"https:\/\/akademia-zdrowia.pl\/kielce\/wp-content\/uploads\/2018\/09\/tel.-42-255-77-00_01.jpg\",\"width\":940,\"height\":788},{\"@type\":\"BreadcrumbList\",\"@id\":\"https:\/\/akademia-zdrowia.pl\/kielce\/fryzjer-i-pracownik-biurowy-ecdl\/#breadcrumb\",\"itemListElement\":[{\"@type\":\"ListItem\",\"position\":1,\"name\":\"Strona g\u0142\u00f3wna\",\"item\":\"https:\/\/akademia-zdrowia.pl\/kielce\/\"},{\"@type\":\"ListItem\",\"position\":2,\"name\":\"FRYZJER i PRACOWNIK BIUROWY + ECDL\"}]},{\"@type\":\"WebSite\",\"@id\":\"https:\/\/akademia-zdrowia.pl\/kielce\/#website\",\"url\":\"https:\/\/akademia-zdrowia.pl\/kielce\/\",\"name\":\"Akademia Zdrowia Kielce\",\"description\":\"Kolejna witryna oparta na WordPressie\",\"potentialAction\":[{\"@type\":\"SearchAction\",\"target\":{\"@type\":\"EntryPoint\",\"urlTemplate\":\"https:\/\/akademia-zdrowia.pl\/kielce\/?s={search_term_string}\"},\"query-input\":{\"@type\":\"PropertyValueSpecification\",\"valueRequired\":true,\"valueName\":\"search_term_string\"}}],\"inLanguage\":\"pl-PL\"},{\"@type\":\"Person\",\"@id\":\"https:\/\/akademia-zdrowia.pl\/kielce\/#\/schema\/person\/82c1caa75b251b3f13678950c21f54d6\",\"name\":\"grafpro\",\"image\":{\"@type\":\"ImageObject\",\"inLanguage\":\"pl-PL\",\"@id\":\"https:\/\/akademia-zdrowia.pl\/kielce\/#\/schema\/person\/image\/\",\"url\":\"https:\/\/secure.gravatar.com\/avatar\/2d5adb7a7f905eecbe0bba2c5f9dd38dbbc2adf65a63f1a4664434301405cac5?s=96&d=mm&r=g\",\"contentUrl\":\"https:\/\/secure.gravatar.com\/avatar\/2d5adb7a7f905eecbe0bba2c5f9dd38dbbc2adf65a63f1a4664434301405cac5?s=96&d=mm&r=g\",\"caption\":\"grafpro\"}}]}<\/script>\n<!-- \/ Yoast SEO plugin. -->","yoast_head_json":{"title":"FRYZJER i PRACOWNIK BIUROWY + ECDL - Akademia Zdrowia Kielce","robots":{"index":"index","follow":"follow","max-snippet":"max-snippet:-1","max-image-preview":"max-image-preview:large","max-video-preview":"max-video-preview:-1"},"canonical":"https:\/\/akademia-zdrowia.pl\/kielce\/fryzjer-i-pracownik-biurowy-ecdl\/","og_locale":"pl_PL","og_type":"article","og_title":"FRYZJER i PRACOWNIK BIUROWY + ECDL - Akademia Zdrowia Kielce","og_description":"&nbsp; Akademia Zdrowia zaprasza na bezp\u0142atny kurs fryzjer ? czeladnik, kt\u00f3ry przygotuje Ci\u0119 do wykonywania zawodu. Na kursie dowiesz si\u0119 wszystkich niezb\u0119dnych informacji oraz b\u0119dziesz mia\u0142 mo\u017cliwo\u015b\u0107 zastosowa\u0107 je w praktyce w naszej pracowni fryzjerskiej. Zapraszamy r\u00f3wnie\u017c na bezp\u0142atny kurs ? pracownik biurowy + ECDL. Kurs ten umo\u017cliwi Ci przygotowanie do pracy na stanowisku pracownik...","og_url":"https:\/\/akademia-zdrowia.pl\/kielce\/fryzjer-i-pracownik-biurowy-ecdl\/","og_site_name":"Akademia Zdrowia Kielce","article_published_time":"2018-09-07T07:29:22+00:00","article_modified_time":"2022-08-12T21:12:51+00:00","og_image":[{"width":940,"height":788,"url":"https:\/\/akademia-zdrowia.pl\/kielce\/wp-content\/uploads\/2018\/09\/tel.-42-255-77-00_01.jpg","type":"image\/jpeg"}],"author":"grafpro","twitter_card":"summary_large_image","twitter_misc":{"Napisane przez":"grafpro","Szacowany czas czytania":"1 minuta"},"schema":{"@context":"https:\/\/schema.org","@graph":[{"@type":"Article","@id":"https:\/\/akademia-zdrowia.pl\/kielce\/fryzjer-i-pracownik-biurowy-ecdl\/#article","isPartOf":{"@id":"https:\/\/akademia-zdrowia.pl\/kielce\/fryzjer-i-pracownik-biurowy-ecdl\/"},"author":{"name":"grafpro","@id":"https:\/\/akademia-zdrowia.pl\/kielce\/#\/schema\/person\/82c1caa75b251b3f13678950c21f54d6"},"headline":"FRYZJER i PRACOWNIK BIUROWY + ECDL","datePublished":"2018-09-07T07:29:22+00:00","dateModified":"2022-08-12T21:12:51+00:00","mainEntityOfPage":{"@id":"https:\/\/akademia-zdrowia.pl\/kielce\/fryzjer-i-pracownik-biurowy-ecdl\/"},"wordCount":215,"image":{"@id":"https:\/\/akademia-zdrowia.pl\/kielce\/fryzjer-i-pracownik-biurowy-ecdl\/#primaryimage"},"thumbnailUrl":"https:\/\/akademia-zdrowia.pl\/kielce\/wp-content\/uploads\/2018\/09\/tel.-42-255-77-00_01.jpg","inLanguage":"pl-PL"},{"@type":"WebPage","@id":"https:\/\/akademia-zdrowia.pl\/kielce\/fryzjer-i-pracownik-biurowy-ecdl\/","url":"https:\/\/akademia-zdrowia.pl\/kielce\/fryzjer-i-pracownik-biurowy-ecdl\/","name":"FRYZJER i PRACOWNIK BIUROWY + ECDL - Akademia Zdrowia Kielce","isPartOf":{"@id":"https:\/\/akademia-zdrowia.pl\/kielce\/#website"},"primaryImageOfPage":{"@id":"https:\/\/akademia-zdrowia.pl\/kielce\/fryzjer-i-pracownik-biurowy-ecdl\/#primaryimage"},"image":{"@id":"https:\/\/akademia-zdrowia.pl\/kielce\/fryzjer-i-pracownik-biurowy-ecdl\/#primaryimage"},"thumbnailUrl":"https:\/\/akademia-zdrowia.pl\/kielce\/wp-content\/uploads\/2018\/09\/tel.-42-255-77-00_01.jpg","datePublished":"2018-09-07T07:29:22+00:00","dateModified":"2022-08-12T21:12:51+00:00","author":{"@id":"https:\/\/akademia-zdrowia.pl\/kielce\/#\/schema\/person\/82c1caa75b251b3f13678950c21f54d6"},"breadcrumb":{"@id":"https:\/\/akademia-zdrowia.pl\/kielce\/fryzjer-i-pracownik-biurowy-ecdl\/#breadcrumb"},"inLanguage":"pl-PL","potentialAction":[{"@type":"ReadAction","target":["https:\/\/akademia-zdrowia.pl\/kielce\/fryzjer-i-pracownik-biurowy-ecdl\/"]}]},{"@type":"ImageObject","inLanguage":"pl-PL","@id":"https:\/\/akademia-zdrowia.pl\/kielce\/fryzjer-i-pracownik-biurowy-ecdl\/#primaryimage","url":"https:\/\/akademia-zdrowia.pl\/kielce\/wp-content\/uploads\/2018\/09\/tel.-42-255-77-00_01.jpg","contentUrl":"https:\/\/akademia-zdrowia.pl\/kielce\/wp-content\/uploads\/2018\/09\/tel.-42-255-77-00_01.jpg","width":940,"height":788},{"@type":"BreadcrumbList","@id":"https:\/\/akademia-zdrowia.pl\/kielce\/fryzjer-i-pracownik-biurowy-ecdl\/#breadcrumb","itemListElement":[{"@type":"ListItem","position":1,"name":"Strona g\u0142\u00f3wna","item":"https:\/\/akademia-zdrowia.pl\/kielce\/"},{"@type":"ListItem","position":2,"name":"FRYZJER i PRACOWNIK BIUROWY + ECDL"}]},{"@type":"WebSite","@id":"https:\/\/akademia-zdrowia.pl\/kielce\/#website","url":"https:\/\/akademia-zdrowia.pl\/kielce\/","name":"Akademia Zdrowia Kielce","description":"Kolejna witryna oparta na WordPressie","potentialAction":[{"@type":"SearchAction","target":{"@type":"EntryPoint","urlTemplate":"https:\/\/akademia-zdrowia.pl\/kielce\/?s={search_term_string}"},"query-input":{"@type":"PropertyValueSpecification","valueRequired":true,"valueName":"search_term_string"}}],"inLanguage":"pl-PL"},{"@type":"Person","@id":"https:\/\/akademia-zdrowia.pl\/kielce\/#\/schema\/person\/82c1caa75b251b3f13678950c21f54d6","name":"grafpro","image":{"@type":"ImageObject","inLanguage":"pl-PL","@id":"https:\/\/akademia-zdrowia.pl\/kielce\/#\/schema\/person\/image\/","url":"https:\/\/secure.gravatar.com\/avatar\/2d5adb7a7f905eecbe0bba2c5f9dd38dbbc2adf65a63f1a4664434301405cac5?s=96&d=mm&r=g","contentUrl":"https:\/\/secure.gravatar.com\/avatar\/2d5adb7a7f905eecbe0bba2c5f9dd38dbbc2adf65a63f1a4664434301405cac5?s=96&d=mm&r=g","caption":"grafpro"}}]}},"_links":{"self":[{"href":"https:\/\/akademia-zdrowia.pl\/kielce\/wp-json\/wp\/v2\/posts\/1245","targetHints":{"allow":["GET"]}}],"collection":[{"href":"https:\/\/akademia-zdrowia.pl\/kielce\/wp-json\/wp\/v2\/posts"}],"about":[{"href":"https:\/\/akademia-zdrowia.pl\/kielce\/wp-json\/wp\/v2\/types\/post"}],"author":[{"embeddable":true,"href":"https:\/\/akademia-zdrowia.pl\/kielce\/wp-json\/wp\/v2\/users\/1"}],"replies":[{"embeddable":true,"href":"https:\/\/akademia-zdrowia.pl\/kielce\/wp-json\/wp\/v2\/comments?post=1245"}],"version-history":[{"count":1,"href":"https:\/\/akademia-zdrowia.pl\/kielce\/wp-json\/wp\/v2\/posts\/1245\/revisions"}],"predecessor-version":[{"id":4057,"href":"https:\/\/akademia-zdrowia.pl\/kielce\/wp-json\/wp\/v2\/posts\/1245\/revisions\/4057"}],"wp:featuredmedia":[{"embeddable":true,"href":"https:\/\/akademia-zdrowia.pl\/kielce\/wp-json\/wp\/v2\/media\/1246"}],"wp:attachment":[{"href":"https:\/\/akademia-zdrowia.pl\/kielce\/wp-json\/wp\/v2\/media?parent=1245"}],"wp:term":[{"taxonomy":"category","embeddable":true,"href":"https:\/\/akademia-zdrowia.pl\/kielce\/wp-json\/wp\/v2\/categories?post=1245"},{"taxonomy":"post_tag","embeddable":true,"href":"https:\/\/akademia-zdrowia.pl\/kielce\/wp-json\/wp\/v2\/tags?post=1245"}],"curies":[{"name":"wp","href":"https:\/\/api.w.org\/{rel}","templated":true}]}}