{"id":1337,"date":"2019-05-30T13:43:42","date_gmt":"2019-05-30T11:43:42","guid":{"rendered":"https:\/\/akademia-zdrowia.pl\/kielce\/?p=1337"},"modified":"2022-08-12T23:12:50","modified_gmt":"2022-08-12T21:12:50","slug":"projekt-swietokrzyskie-dla-aktywnych","status":"publish","type":"post","link":"https:\/\/akademia-zdrowia.pl\/kielce\/projekt-swietokrzyskie-dla-aktywnych\/","title":{"rendered":"Projekt \u015aWI\u0118TOKRZYSKIE DLA AKTYWNYCH"},"content":{"rendered":"<p><img fetchpriority=\"high\" decoding=\"async\" class=\"aligncenter  wp-image-1338\" src=\"https:\/\/akademia-zdrowia.pl\/kielce\/wp-content\/uploads\/sites\/4\/2019\/05\/SWIETOKRZYSKIE.png\" alt=\"\" width=\"623\" height=\"881\" srcset=\"https:\/\/akademia-zdrowia.pl\/kielce\/wp-content\/uploads\/2019\/05\/SWIETOKRZYSKIE.png 1123w, https:\/\/akademia-zdrowia.pl\/kielce\/wp-content\/uploads\/2019\/05\/SWIETOKRZYSKIE-212x300.png 212w, https:\/\/akademia-zdrowia.pl\/kielce\/wp-content\/uploads\/2019\/05\/SWIETOKRZYSKIE-725x1024.png 725w, https:\/\/akademia-zdrowia.pl\/kielce\/wp-content\/uploads\/2019\/05\/SWIETOKRZYSKIE-768x1085.png 768w, https:\/\/akademia-zdrowia.pl\/kielce\/wp-content\/uploads\/2019\/05\/SWIETOKRZYSKIE-1087x1536.png 1087w, https:\/\/akademia-zdrowia.pl\/kielce\/wp-content\/uploads\/2019\/05\/SWIETOKRZYSKIE-500x707.png 500w\" sizes=\"(max-width: 623px) 100vw, 623px\" \/><\/p>\n<p style=\"text-align: center;\">ZAPISZ SI\u0118 JU\u017b DZI\u015a! ZAPRASZAMY!<\/p>\n<p>&nbsp;<\/p>\n","protected":false},"excerpt":{"rendered":"<p>ZAPISZ SI\u0118 JU\u017b DZI\u015a! ZAPRASZAMY! &nbsp;<\/p>\n","protected":false},"author":1,"featured_media":0,"comment_status":"closed","ping_status":"closed","sticky":false,"template":"","format":"standard","meta":{"footnotes":""},"categories":[1],"tags":[],"class_list":["post-1337","post","type-post","status-publish","format-standard","hentry","category-bez-kategorii"],"yoast_head":"<!-- This site is optimized with the Yoast SEO plugin v26.9 - https:\/\/yoast.com\/product\/yoast-seo-wordpress\/ -->\n<title>Projekt \u015aWI\u0118TOKRZYSKIE DLA AKTYWNYCH - Akademia Zdrowia Kielce<\/title>\n<meta name=\"robots\" content=\"index, follow, max-snippet:-1, max-image-preview:large, max-video-preview:-1\" \/>\n<link rel=\"canonical\" href=\"https:\/\/akademia-zdrowia.pl\/kielce\/projekt-swietokrzyskie-dla-aktywnych\/\" \/>\n<meta property=\"og:locale\" content=\"pl_PL\" \/>\n<meta property=\"og:type\" content=\"article\" \/>\n<meta property=\"og:title\" content=\"Projekt \u015aWI\u0118TOKRZYSKIE DLA AKTYWNYCH - Akademia Zdrowia Kielce\" \/>\n<meta property=\"og:description\" content=\"ZAPISZ SI\u0118 JU\u017b DZI\u015a! ZAPRASZAMY! &nbsp;\" \/>\n<meta property=\"og:url\" content=\"https:\/\/akademia-zdrowia.pl\/kielce\/projekt-swietokrzyskie-dla-aktywnych\/\" \/>\n<meta property=\"og:site_name\" content=\"Akademia Zdrowia Kielce\" \/>\n<meta property=\"article:published_time\" content=\"2019-05-30T11:43:42+00:00\" \/>\n<meta property=\"article:modified_time\" content=\"2022-08-12T21:12:50+00:00\" \/>\n<meta property=\"og:image\" content=\"https:\/\/akademia-zdrowia.pl\/kielce\/wp-content\/uploads\/sites\/4\/2019\/05\/SWIETOKRZYSKIE.png\" \/>\n<meta name=\"author\" content=\"grafpro\" \/>\n<meta name=\"twitter:card\" content=\"summary_large_image\" \/>\n<meta name=\"twitter:label1\" content=\"Napisane przez\" \/>\n\t<meta name=\"twitter:data1\" content=\"grafpro\" \/>\n<script type=\"application\/ld+json\" class=\"yoast-schema-graph\">{\"@context\":\"https:\/\/schema.org\",\"@graph\":[{\"@type\":\"Article\",\"@id\":\"https:\/\/akademia-zdrowia.pl\/kielce\/projekt-swietokrzyskie-dla-aktywnych\/#article\",\"isPartOf\":{\"@id\":\"https:\/\/akademia-zdrowia.pl\/kielce\/projekt-swietokrzyskie-dla-aktywnych\/\"},\"author\":{\"name\":\"grafpro\",\"@id\":\"https:\/\/akademia-zdrowia.pl\/kielce\/#\/schema\/person\/82c1caa75b251b3f13678950c21f54d6\"},\"headline\":\"Projekt \u015aWI\u0118TOKRZYSKIE DLA AKTYWNYCH\",\"datePublished\":\"2019-05-30T11:43:42+00:00\",\"dateModified\":\"2022-08-12T21:12:50+00:00\",\"mainEntityOfPage\":{\"@id\":\"https:\/\/akademia-zdrowia.pl\/kielce\/projekt-swietokrzyskie-dla-aktywnych\/\"},\"wordCount\":11,\"image\":{\"@id\":\"https:\/\/akademia-zdrowia.pl\/kielce\/projekt-swietokrzyskie-dla-aktywnych\/#primaryimage\"},\"thumbnailUrl\":\"https:\/\/akademia-zdrowia.pl\/kielce\/wp-content\/uploads\/sites\/4\/2019\/05\/SWIETOKRZYSKIE.png\",\"inLanguage\":\"pl-PL\"},{\"@type\":\"WebPage\",\"@id\":\"https:\/\/akademia-zdrowia.pl\/kielce\/projekt-swietokrzyskie-dla-aktywnych\/\",\"url\":\"https:\/\/akademia-zdrowia.pl\/kielce\/projekt-swietokrzyskie-dla-aktywnych\/\",\"name\":\"Projekt \u015aWI\u0118TOKRZYSKIE DLA AKTYWNYCH - Akademia Zdrowia Kielce\",\"isPartOf\":{\"@id\":\"https:\/\/akademia-zdrowia.pl\/kielce\/#website\"},\"primaryImageOfPage\":{\"@id\":\"https:\/\/akademia-zdrowia.pl\/kielce\/projekt-swietokrzyskie-dla-aktywnych\/#primaryimage\"},\"image\":{\"@id\":\"https:\/\/akademia-zdrowia.pl\/kielce\/projekt-swietokrzyskie-dla-aktywnych\/#primaryimage\"},\"thumbnailUrl\":\"https:\/\/akademia-zdrowia.pl\/kielce\/wp-content\/uploads\/sites\/4\/2019\/05\/SWIETOKRZYSKIE.png\",\"datePublished\":\"2019-05-30T11:43:42+00:00\",\"dateModified\":\"2022-08-12T21:12:50+00:00\",\"author\":{\"@id\":\"https:\/\/akademia-zdrowia.pl\/kielce\/#\/schema\/person\/82c1caa75b251b3f13678950c21f54d6\"},\"breadcrumb\":{\"@id\":\"https:\/\/akademia-zdrowia.pl\/kielce\/projekt-swietokrzyskie-dla-aktywnych\/#breadcrumb\"},\"inLanguage\":\"pl-PL\",\"potentialAction\":[{\"@type\":\"ReadAction\",\"target\":[\"https:\/\/akademia-zdrowia.pl\/kielce\/projekt-swietokrzyskie-dla-aktywnych\/\"]}]},{\"@type\":\"ImageObject\",\"inLanguage\":\"pl-PL\",\"@id\":\"https:\/\/akademia-zdrowia.pl\/kielce\/projekt-swietokrzyskie-dla-aktywnych\/#primaryimage\",\"url\":\"https:\/\/akademia-zdrowia.pl\/kielce\/wp-content\/uploads\/sites\/4\/2019\/05\/SWIETOKRZYSKIE.png\",\"contentUrl\":\"https:\/\/akademia-zdrowia.pl\/kielce\/wp-content\/uploads\/sites\/4\/2019\/05\/SWIETOKRZYSKIE.png\"},{\"@type\":\"BreadcrumbList\",\"@id\":\"https:\/\/akademia-zdrowia.pl\/kielce\/projekt-swietokrzyskie-dla-aktywnych\/#breadcrumb\",\"itemListElement\":[{\"@type\":\"ListItem\",\"position\":1,\"name\":\"Strona g\u0142\u00f3wna\",\"item\":\"https:\/\/akademia-zdrowia.pl\/kielce\/\"},{\"@type\":\"ListItem\",\"position\":2,\"name\":\"Projekt \u015aWI\u0118TOKRZYSKIE DLA AKTYWNYCH\"}]},{\"@type\":\"WebSite\",\"@id\":\"https:\/\/akademia-zdrowia.pl\/kielce\/#website\",\"url\":\"https:\/\/akademia-zdrowia.pl\/kielce\/\",\"name\":\"Akademia Zdrowia Kielce\",\"description\":\"Kolejna witryna oparta na WordPressie\",\"potentialAction\":[{\"@type\":\"SearchAction\",\"target\":{\"@type\":\"EntryPoint\",\"urlTemplate\":\"https:\/\/akademia-zdrowia.pl\/kielce\/?s={search_term_string}\"},\"query-input\":{\"@type\":\"PropertyValueSpecification\",\"valueRequired\":true,\"valueName\":\"search_term_string\"}}],\"inLanguage\":\"pl-PL\"},{\"@type\":\"Person\",\"@id\":\"https:\/\/akademia-zdrowia.pl\/kielce\/#\/schema\/person\/82c1caa75b251b3f13678950c21f54d6\",\"name\":\"grafpro\",\"image\":{\"@type\":\"ImageObject\",\"inLanguage\":\"pl-PL\",\"@id\":\"https:\/\/akademia-zdrowia.pl\/kielce\/#\/schema\/person\/image\/\",\"url\":\"https:\/\/secure.gravatar.com\/avatar\/2d5adb7a7f905eecbe0bba2c5f9dd38dbbc2adf65a63f1a4664434301405cac5?s=96&d=mm&r=g\",\"contentUrl\":\"https:\/\/secure.gravatar.com\/avatar\/2d5adb7a7f905eecbe0bba2c5f9dd38dbbc2adf65a63f1a4664434301405cac5?s=96&d=mm&r=g\",\"caption\":\"grafpro\"}}]}<\/script>\n<!-- \/ Yoast SEO plugin. -->","yoast_head_json":{"title":"Projekt \u015aWI\u0118TOKRZYSKIE DLA AKTYWNYCH - Akademia Zdrowia Kielce","robots":{"index":"index","follow":"follow","max-snippet":"max-snippet:-1","max-image-preview":"max-image-preview:large","max-video-preview":"max-video-preview:-1"},"canonical":"https:\/\/akademia-zdrowia.pl\/kielce\/projekt-swietokrzyskie-dla-aktywnych\/","og_locale":"pl_PL","og_type":"article","og_title":"Projekt \u015aWI\u0118TOKRZYSKIE DLA AKTYWNYCH - Akademia Zdrowia Kielce","og_description":"ZAPISZ SI\u0118 JU\u017b DZI\u015a! ZAPRASZAMY! &nbsp;","og_url":"https:\/\/akademia-zdrowia.pl\/kielce\/projekt-swietokrzyskie-dla-aktywnych\/","og_site_name":"Akademia Zdrowia Kielce","article_published_time":"2019-05-30T11:43:42+00:00","article_modified_time":"2022-08-12T21:12:50+00:00","og_image":[{"url":"https:\/\/akademia-zdrowia.pl\/kielce\/wp-content\/uploads\/sites\/4\/2019\/05\/SWIETOKRZYSKIE.png","type":"","width":"","height":""}],"author":"grafpro","twitter_card":"summary_large_image","twitter_misc":{"Napisane przez":"grafpro"},"schema":{"@context":"https:\/\/schema.org","@graph":[{"@type":"Article","@id":"https:\/\/akademia-zdrowia.pl\/kielce\/projekt-swietokrzyskie-dla-aktywnych\/#article","isPartOf":{"@id":"https:\/\/akademia-zdrowia.pl\/kielce\/projekt-swietokrzyskie-dla-aktywnych\/"},"author":{"name":"grafpro","@id":"https:\/\/akademia-zdrowia.pl\/kielce\/#\/schema\/person\/82c1caa75b251b3f13678950c21f54d6"},"headline":"Projekt \u015aWI\u0118TOKRZYSKIE DLA AKTYWNYCH","datePublished":"2019-05-30T11:43:42+00:00","dateModified":"2022-08-12T21:12:50+00:00","mainEntityOfPage":{"@id":"https:\/\/akademia-zdrowia.pl\/kielce\/projekt-swietokrzyskie-dla-aktywnych\/"},"wordCount":11,"image":{"@id":"https:\/\/akademia-zdrowia.pl\/kielce\/projekt-swietokrzyskie-dla-aktywnych\/#primaryimage"},"thumbnailUrl":"https:\/\/akademia-zdrowia.pl\/kielce\/wp-content\/uploads\/sites\/4\/2019\/05\/SWIETOKRZYSKIE.png","inLanguage":"pl-PL"},{"@type":"WebPage","@id":"https:\/\/akademia-zdrowia.pl\/kielce\/projekt-swietokrzyskie-dla-aktywnych\/","url":"https:\/\/akademia-zdrowia.pl\/kielce\/projekt-swietokrzyskie-dla-aktywnych\/","name":"Projekt \u015aWI\u0118TOKRZYSKIE DLA AKTYWNYCH - Akademia Zdrowia Kielce","isPartOf":{"@id":"https:\/\/akademia-zdrowia.pl\/kielce\/#website"},"primaryImageOfPage":{"@id":"https:\/\/akademia-zdrowia.pl\/kielce\/projekt-swietokrzyskie-dla-aktywnych\/#primaryimage"},"image":{"@id":"https:\/\/akademia-zdrowia.pl\/kielce\/projekt-swietokrzyskie-dla-aktywnych\/#primaryimage"},"thumbnailUrl":"https:\/\/akademia-zdrowia.pl\/kielce\/wp-content\/uploads\/sites\/4\/2019\/05\/SWIETOKRZYSKIE.png","datePublished":"2019-05-30T11:43:42+00:00","dateModified":"2022-08-12T21:12:50+00:00","author":{"@id":"https:\/\/akademia-zdrowia.pl\/kielce\/#\/schema\/person\/82c1caa75b251b3f13678950c21f54d6"},"breadcrumb":{"@id":"https:\/\/akademia-zdrowia.pl\/kielce\/projekt-swietokrzyskie-dla-aktywnych\/#breadcrumb"},"inLanguage":"pl-PL","potentialAction":[{"@type":"ReadAction","target":["https:\/\/akademia-zdrowia.pl\/kielce\/projekt-swietokrzyskie-dla-aktywnych\/"]}]},{"@type":"ImageObject","inLanguage":"pl-PL","@id":"https:\/\/akademia-zdrowia.pl\/kielce\/projekt-swietokrzyskie-dla-aktywnych\/#primaryimage","url":"https:\/\/akademia-zdrowia.pl\/kielce\/wp-content\/uploads\/sites\/4\/2019\/05\/SWIETOKRZYSKIE.png","contentUrl":"https:\/\/akademia-zdrowia.pl\/kielce\/wp-content\/uploads\/sites\/4\/2019\/05\/SWIETOKRZYSKIE.png"},{"@type":"BreadcrumbList","@id":"https:\/\/akademia-zdrowia.pl\/kielce\/projekt-swietokrzyskie-dla-aktywnych\/#breadcrumb","itemListElement":[{"@type":"ListItem","position":1,"name":"Strona g\u0142\u00f3wna","item":"https:\/\/akademia-zdrowia.pl\/kielce\/"},{"@type":"ListItem","position":2,"name":"Projekt \u015aWI\u0118TOKRZYSKIE DLA AKTYWNYCH"}]},{"@type":"WebSite","@id":"https:\/\/akademia-zdrowia.pl\/kielce\/#website","url":"https:\/\/akademia-zdrowia.pl\/kielce\/","name":"Akademia Zdrowia Kielce","description":"Kolejna witryna oparta na WordPressie","potentialAction":[{"@type":"SearchAction","target":{"@type":"EntryPoint","urlTemplate":"https:\/\/akademia-zdrowia.pl\/kielce\/?s={search_term_string}"},"query-input":{"@type":"PropertyValueSpecification","valueRequired":true,"valueName":"search_term_string"}}],"inLanguage":"pl-PL"},{"@type":"Person","@id":"https:\/\/akademia-zdrowia.pl\/kielce\/#\/schema\/person\/82c1caa75b251b3f13678950c21f54d6","name":"grafpro","image":{"@type":"ImageObject","inLanguage":"pl-PL","@id":"https:\/\/akademia-zdrowia.pl\/kielce\/#\/schema\/person\/image\/","url":"https:\/\/secure.gravatar.com\/avatar\/2d5adb7a7f905eecbe0bba2c5f9dd38dbbc2adf65a63f1a4664434301405cac5?s=96&d=mm&r=g","contentUrl":"https:\/\/secure.gravatar.com\/avatar\/2d5adb7a7f905eecbe0bba2c5f9dd38dbbc2adf65a63f1a4664434301405cac5?s=96&d=mm&r=g","caption":"grafpro"}}]}},"_links":{"self":[{"href":"https:\/\/akademia-zdrowia.pl\/kielce\/wp-json\/wp\/v2\/posts\/1337","targetHints":{"allow":["GET"]}}],"collection":[{"href":"https:\/\/akademia-zdrowia.pl\/kielce\/wp-json\/wp\/v2\/posts"}],"about":[{"href":"https:\/\/akademia-zdrowia.pl\/kielce\/wp-json\/wp\/v2\/types\/post"}],"author":[{"embeddable":true,"href":"https:\/\/akademia-zdrowia.pl\/kielce\/wp-json\/wp\/v2\/users\/1"}],"replies":[{"embeddable":true,"href":"https:\/\/akademia-zdrowia.pl\/kielce\/wp-json\/wp\/v2\/comments?post=1337"}],"version-history":[{"count":1,"href":"https:\/\/akademia-zdrowia.pl\/kielce\/wp-json\/wp\/v2\/posts\/1337\/revisions"}],"predecessor-version":[{"id":4053,"href":"https:\/\/akademia-zdrowia.pl\/kielce\/wp-json\/wp\/v2\/posts\/1337\/revisions\/4053"}],"wp:attachment":[{"href":"https:\/\/akademia-zdrowia.pl\/kielce\/wp-json\/wp\/v2\/media?parent=1337"}],"wp:term":[{"taxonomy":"category","embeddable":true,"href":"https:\/\/akademia-zdrowia.pl\/kielce\/wp-json\/wp\/v2\/categories?post=1337"},{"taxonomy":"post_tag","embeddable":true,"href":"https:\/\/akademia-zdrowia.pl\/kielce\/wp-json\/wp\/v2\/tags?post=1337"}],"curies":[{"name":"wp","href":"https:\/\/api.w.org\/{rel}","templated":true}]}}