{"id":1366,"date":"2019-11-12T13:39:31","date_gmt":"2019-11-12T12:39:31","guid":{"rendered":"https:\/\/akademia-zdrowia.pl\/kielce\/?p=1366"},"modified":"2022-08-12T23:12:50","modified_gmt":"2022-08-12T21:12:50","slug":"specjalizacje-i-kursy-specjalistyczne-listopad-grudzien-2019","status":"publish","type":"post","link":"https:\/\/akademia-zdrowia.pl\/kielce\/specjalizacje-i-kursy-specjalistyczne-listopad-grudzien-2019\/","title":{"rendered":"SPECJALIZACJE I KURSY SPECJALISTYCZNE &#8211; LISTOPAD\/GRUDZIE\u0143 2019"},"content":{"rendered":"<p><img fetchpriority=\"high\" decoding=\"async\" class=\"aligncenter  wp-image-1073\" src=\"https:\/\/akademia-zdrowia.pl\/kielce\/wp-content\/uploads\/sites\/4\/2018\/01\/kursy_medyczne.jpg\" alt=\"\" width=\"517\" height=\"419\" srcset=\"https:\/\/akademia-zdrowia.pl\/kielce\/wp-content\/uploads\/2018\/01\/kursy_medyczne.jpg 369w, https:\/\/akademia-zdrowia.pl\/kielce\/wp-content\/uploads\/2018\/01\/kursy_medyczne-300x243.jpg 300w\" sizes=\"(max-width: 517px) 100vw, 517px\" \/><\/p>\n<p><span style=\"color: #ff0000;\"><strong><span style=\"font-size: 18px;\">Akademia Zdrowia w Kielcach<\/span><\/strong><\/span><\/p>\n<p><span style=\"font-size: 18px;\">zaprasza na<\/span><\/p>\n<p><strong><span style=\"font-size: 18px;\">specjalizacje i kursy specjalistyczne dla piel\u0119gniarek i po\u0142o\u017cnych<\/span><\/strong><\/p>\n<p><strong>Specjalizacja chirurgiczna<\/strong> &#8211; 24.11.2019<br \/>\n<strong>Specjalizacja internistyczna<\/strong> &#8211; 17.11.2019<br \/>\n<strong>Specjalizacja rodzinna<\/strong> &#8211; 22.11.2019<\/p>\n<p><strong>Kurs specjalistyczny &#8211; Wywiad i badanie fizykalne<\/strong> &#8211; 14.12.2019<br \/>\n<strong>Kurs specjalistyczny &#8211; Resuscytacja Kr\u0105\u017ceniowo-Oddechowa<\/strong> &#8211; 20.12.2019<\/p>\n<div class=\"adres\"><\/div>\n<div class=\"tel skype\">\n<p class=\"tel\">Szczeg\u00f3\u0142owe informacje udziela sekretariat Akademii Zdrowia pod nr telefonu: 413680066 lub osobi\u015bcie Kielce, al. IX Wiek\u00f3w Kielc 8\/24.<\/p>\n<\/div>\n","protected":false},"excerpt":{"rendered":"<p>Akademia Zdrowia w Kielcach zaprasza na specjalizacje i kursy specjalistyczne dla piel\u0119gniarek i po\u0142o\u017cnych Specjalizacja chirurgiczna &#8211; 24.11.2019 Specjalizacja internistyczna &#8211; 17.11.2019 Specjalizacja rodzinna &#8211; 22.11.2019 Kurs specjalistyczny &#8211; Wywiad i badanie fizykalne &#8211; 14.12.2019 Kurs specjalistyczny &#8211; Resuscytacja Kr\u0105\u017ceniowo-Oddechowa &#8211; 20.12.2019 Szczeg\u00f3\u0142owe informacje udziela sekretariat Akademii Zdrowia pod nr telefonu: 413680066 lub osobi\u015bcie Kielce,&#8230;<\/p>\n","protected":false},"author":1,"featured_media":0,"comment_status":"closed","ping_status":"closed","sticky":false,"template":"","format":"standard","meta":{"footnotes":""},"categories":[1],"tags":[],"class_list":["post-1366","post","type-post","status-publish","format-standard","hentry","category-bez-kategorii"],"yoast_head":"<!-- This site is optimized with the Yoast SEO plugin v26.9 - https:\/\/yoast.com\/product\/yoast-seo-wordpress\/ -->\n<title>SPECJALIZACJE I KURSY SPECJALISTYCZNE - LISTOPAD\/GRUDZIE\u0143 2019 - Akademia Zdrowia Kielce<\/title>\n<meta name=\"robots\" content=\"index, follow, max-snippet:-1, max-image-preview:large, max-video-preview:-1\" \/>\n<link rel=\"canonical\" href=\"https:\/\/akademia-zdrowia.pl\/kielce\/specjalizacje-i-kursy-specjalistyczne-listopad-grudzien-2019\/\" \/>\n<meta property=\"og:locale\" content=\"pl_PL\" \/>\n<meta property=\"og:type\" content=\"article\" \/>\n<meta property=\"og:title\" content=\"SPECJALIZACJE I KURSY SPECJALISTYCZNE - LISTOPAD\/GRUDZIE\u0143 2019 - Akademia Zdrowia Kielce\" \/>\n<meta property=\"og:description\" content=\"Akademia Zdrowia w Kielcach zaprasza na specjalizacje i kursy specjalistyczne dla piel\u0119gniarek i po\u0142o\u017cnych Specjalizacja chirurgiczna &#8211; 24.11.2019 Specjalizacja internistyczna &#8211; 17.11.2019 Specjalizacja rodzinna &#8211; 22.11.2019 Kurs specjalistyczny &#8211; Wywiad i badanie fizykalne &#8211; 14.12.2019 Kurs specjalistyczny &#8211; Resuscytacja Kr\u0105\u017ceniowo-Oddechowa &#8211; 20.12.2019 Szczeg\u00f3\u0142owe informacje udziela sekretariat Akademii Zdrowia pod nr telefonu: 413680066 lub osobi\u015bcie Kielce,...\" \/>\n<meta property=\"og:url\" content=\"https:\/\/akademia-zdrowia.pl\/kielce\/specjalizacje-i-kursy-specjalistyczne-listopad-grudzien-2019\/\" \/>\n<meta property=\"og:site_name\" content=\"Akademia Zdrowia Kielce\" \/>\n<meta property=\"article:published_time\" content=\"2019-11-12T12:39:31+00:00\" \/>\n<meta property=\"article:modified_time\" content=\"2022-08-12T21:12:50+00:00\" \/>\n<meta property=\"og:image\" content=\"https:\/\/akademia-zdrowia.pl\/kielce\/wp-content\/uploads\/sites\/4\/2018\/01\/kursy_medyczne.jpg\" \/>\n<meta name=\"author\" content=\"grafpro\" \/>\n<meta name=\"twitter:card\" content=\"summary_large_image\" \/>\n<meta name=\"twitter:label1\" content=\"Napisane przez\" \/>\n\t<meta name=\"twitter:data1\" content=\"grafpro\" \/>\n<script type=\"application\/ld+json\" class=\"yoast-schema-graph\">{\"@context\":\"https:\/\/schema.org\",\"@graph\":[{\"@type\":\"Article\",\"@id\":\"https:\/\/akademia-zdrowia.pl\/kielce\/specjalizacje-i-kursy-specjalistyczne-listopad-grudzien-2019\/#article\",\"isPartOf\":{\"@id\":\"https:\/\/akademia-zdrowia.pl\/kielce\/specjalizacje-i-kursy-specjalistyczne-listopad-grudzien-2019\/\"},\"author\":{\"name\":\"grafpro\",\"@id\":\"https:\/\/akademia-zdrowia.pl\/kielce\/#\/schema\/person\/82c1caa75b251b3f13678950c21f54d6\"},\"headline\":\"SPECJALIZACJE I KURSY SPECJALISTYCZNE &#8211; LISTOPAD\/GRUDZIE\u0143 2019\",\"datePublished\":\"2019-11-12T12:39:31+00:00\",\"dateModified\":\"2022-08-12T21:12:50+00:00\",\"mainEntityOfPage\":{\"@id\":\"https:\/\/akademia-zdrowia.pl\/kielce\/specjalizacje-i-kursy-specjalistyczne-listopad-grudzien-2019\/\"},\"wordCount\":67,\"image\":{\"@id\":\"https:\/\/akademia-zdrowia.pl\/kielce\/specjalizacje-i-kursy-specjalistyczne-listopad-grudzien-2019\/#primaryimage\"},\"thumbnailUrl\":\"https:\/\/akademia-zdrowia.pl\/kielce\/wp-content\/uploads\/sites\/4\/2018\/01\/kursy_medyczne.jpg\",\"inLanguage\":\"pl-PL\"},{\"@type\":\"WebPage\",\"@id\":\"https:\/\/akademia-zdrowia.pl\/kielce\/specjalizacje-i-kursy-specjalistyczne-listopad-grudzien-2019\/\",\"url\":\"https:\/\/akademia-zdrowia.pl\/kielce\/specjalizacje-i-kursy-specjalistyczne-listopad-grudzien-2019\/\",\"name\":\"SPECJALIZACJE I KURSY SPECJALISTYCZNE - LISTOPAD\/GRUDZIE\u0143 2019 - Akademia Zdrowia Kielce\",\"isPartOf\":{\"@id\":\"https:\/\/akademia-zdrowia.pl\/kielce\/#website\"},\"primaryImageOfPage\":{\"@id\":\"https:\/\/akademia-zdrowia.pl\/kielce\/specjalizacje-i-kursy-specjalistyczne-listopad-grudzien-2019\/#primaryimage\"},\"image\":{\"@id\":\"https:\/\/akademia-zdrowia.pl\/kielce\/specjalizacje-i-kursy-specjalistyczne-listopad-grudzien-2019\/#primaryimage\"},\"thumbnailUrl\":\"https:\/\/akademia-zdrowia.pl\/kielce\/wp-content\/uploads\/sites\/4\/2018\/01\/kursy_medyczne.jpg\",\"datePublished\":\"2019-11-12T12:39:31+00:00\",\"dateModified\":\"2022-08-12T21:12:50+00:00\",\"author\":{\"@id\":\"https:\/\/akademia-zdrowia.pl\/kielce\/#\/schema\/person\/82c1caa75b251b3f13678950c21f54d6\"},\"breadcrumb\":{\"@id\":\"https:\/\/akademia-zdrowia.pl\/kielce\/specjalizacje-i-kursy-specjalistyczne-listopad-grudzien-2019\/#breadcrumb\"},\"inLanguage\":\"pl-PL\",\"potentialAction\":[{\"@type\":\"ReadAction\",\"target\":[\"https:\/\/akademia-zdrowia.pl\/kielce\/specjalizacje-i-kursy-specjalistyczne-listopad-grudzien-2019\/\"]}]},{\"@type\":\"ImageObject\",\"inLanguage\":\"pl-PL\",\"@id\":\"https:\/\/akademia-zdrowia.pl\/kielce\/specjalizacje-i-kursy-specjalistyczne-listopad-grudzien-2019\/#primaryimage\",\"url\":\"https:\/\/akademia-zdrowia.pl\/kielce\/wp-content\/uploads\/sites\/4\/2018\/01\/kursy_medyczne.jpg\",\"contentUrl\":\"https:\/\/akademia-zdrowia.pl\/kielce\/wp-content\/uploads\/sites\/4\/2018\/01\/kursy_medyczne.jpg\"},{\"@type\":\"BreadcrumbList\",\"@id\":\"https:\/\/akademia-zdrowia.pl\/kielce\/specjalizacje-i-kursy-specjalistyczne-listopad-grudzien-2019\/#breadcrumb\",\"itemListElement\":[{\"@type\":\"ListItem\",\"position\":1,\"name\":\"Strona g\u0142\u00f3wna\",\"item\":\"https:\/\/akademia-zdrowia.pl\/kielce\/\"},{\"@type\":\"ListItem\",\"position\":2,\"name\":\"SPECJALIZACJE I KURSY SPECJALISTYCZNE &#8211; LISTOPAD\/GRUDZIE\u0143 2019\"}]},{\"@type\":\"WebSite\",\"@id\":\"https:\/\/akademia-zdrowia.pl\/kielce\/#website\",\"url\":\"https:\/\/akademia-zdrowia.pl\/kielce\/\",\"name\":\"Akademia Zdrowia Kielce\",\"description\":\"Kolejna witryna oparta na WordPressie\",\"potentialAction\":[{\"@type\":\"SearchAction\",\"target\":{\"@type\":\"EntryPoint\",\"urlTemplate\":\"https:\/\/akademia-zdrowia.pl\/kielce\/?s={search_term_string}\"},\"query-input\":{\"@type\":\"PropertyValueSpecification\",\"valueRequired\":true,\"valueName\":\"search_term_string\"}}],\"inLanguage\":\"pl-PL\"},{\"@type\":\"Person\",\"@id\":\"https:\/\/akademia-zdrowia.pl\/kielce\/#\/schema\/person\/82c1caa75b251b3f13678950c21f54d6\",\"name\":\"grafpro\",\"image\":{\"@type\":\"ImageObject\",\"inLanguage\":\"pl-PL\",\"@id\":\"https:\/\/akademia-zdrowia.pl\/kielce\/#\/schema\/person\/image\/\",\"url\":\"https:\/\/secure.gravatar.com\/avatar\/2d5adb7a7f905eecbe0bba2c5f9dd38dbbc2adf65a63f1a4664434301405cac5?s=96&d=mm&r=g\",\"contentUrl\":\"https:\/\/secure.gravatar.com\/avatar\/2d5adb7a7f905eecbe0bba2c5f9dd38dbbc2adf65a63f1a4664434301405cac5?s=96&d=mm&r=g\",\"caption\":\"grafpro\"}}]}<\/script>\n<!-- \/ Yoast SEO plugin. -->","yoast_head_json":{"title":"SPECJALIZACJE I KURSY SPECJALISTYCZNE - LISTOPAD\/GRUDZIE\u0143 2019 - Akademia Zdrowia Kielce","robots":{"index":"index","follow":"follow","max-snippet":"max-snippet:-1","max-image-preview":"max-image-preview:large","max-video-preview":"max-video-preview:-1"},"canonical":"https:\/\/akademia-zdrowia.pl\/kielce\/specjalizacje-i-kursy-specjalistyczne-listopad-grudzien-2019\/","og_locale":"pl_PL","og_type":"article","og_title":"SPECJALIZACJE I KURSY SPECJALISTYCZNE - LISTOPAD\/GRUDZIE\u0143 2019 - Akademia Zdrowia Kielce","og_description":"Akademia Zdrowia w Kielcach zaprasza na specjalizacje i kursy specjalistyczne dla piel\u0119gniarek i po\u0142o\u017cnych Specjalizacja chirurgiczna &#8211; 24.11.2019 Specjalizacja internistyczna &#8211; 17.11.2019 Specjalizacja rodzinna &#8211; 22.11.2019 Kurs specjalistyczny &#8211; Wywiad i badanie fizykalne &#8211; 14.12.2019 Kurs specjalistyczny &#8211; Resuscytacja Kr\u0105\u017ceniowo-Oddechowa &#8211; 20.12.2019 Szczeg\u00f3\u0142owe informacje udziela sekretariat Akademii Zdrowia pod nr telefonu: 413680066 lub osobi\u015bcie Kielce,...","og_url":"https:\/\/akademia-zdrowia.pl\/kielce\/specjalizacje-i-kursy-specjalistyczne-listopad-grudzien-2019\/","og_site_name":"Akademia Zdrowia Kielce","article_published_time":"2019-11-12T12:39:31+00:00","article_modified_time":"2022-08-12T21:12:50+00:00","og_image":[{"url":"https:\/\/akademia-zdrowia.pl\/kielce\/wp-content\/uploads\/sites\/4\/2018\/01\/kursy_medyczne.jpg","type":"","width":"","height":""}],"author":"grafpro","twitter_card":"summary_large_image","twitter_misc":{"Napisane przez":"grafpro"},"schema":{"@context":"https:\/\/schema.org","@graph":[{"@type":"Article","@id":"https:\/\/akademia-zdrowia.pl\/kielce\/specjalizacje-i-kursy-specjalistyczne-listopad-grudzien-2019\/#article","isPartOf":{"@id":"https:\/\/akademia-zdrowia.pl\/kielce\/specjalizacje-i-kursy-specjalistyczne-listopad-grudzien-2019\/"},"author":{"name":"grafpro","@id":"https:\/\/akademia-zdrowia.pl\/kielce\/#\/schema\/person\/82c1caa75b251b3f13678950c21f54d6"},"headline":"SPECJALIZACJE I KURSY SPECJALISTYCZNE &#8211; LISTOPAD\/GRUDZIE\u0143 2019","datePublished":"2019-11-12T12:39:31+00:00","dateModified":"2022-08-12T21:12:50+00:00","mainEntityOfPage":{"@id":"https:\/\/akademia-zdrowia.pl\/kielce\/specjalizacje-i-kursy-specjalistyczne-listopad-grudzien-2019\/"},"wordCount":67,"image":{"@id":"https:\/\/akademia-zdrowia.pl\/kielce\/specjalizacje-i-kursy-specjalistyczne-listopad-grudzien-2019\/#primaryimage"},"thumbnailUrl":"https:\/\/akademia-zdrowia.pl\/kielce\/wp-content\/uploads\/sites\/4\/2018\/01\/kursy_medyczne.jpg","inLanguage":"pl-PL"},{"@type":"WebPage","@id":"https:\/\/akademia-zdrowia.pl\/kielce\/specjalizacje-i-kursy-specjalistyczne-listopad-grudzien-2019\/","url":"https:\/\/akademia-zdrowia.pl\/kielce\/specjalizacje-i-kursy-specjalistyczne-listopad-grudzien-2019\/","name":"SPECJALIZACJE I KURSY SPECJALISTYCZNE - LISTOPAD\/GRUDZIE\u0143 2019 - Akademia Zdrowia Kielce","isPartOf":{"@id":"https:\/\/akademia-zdrowia.pl\/kielce\/#website"},"primaryImageOfPage":{"@id":"https:\/\/akademia-zdrowia.pl\/kielce\/specjalizacje-i-kursy-specjalistyczne-listopad-grudzien-2019\/#primaryimage"},"image":{"@id":"https:\/\/akademia-zdrowia.pl\/kielce\/specjalizacje-i-kursy-specjalistyczne-listopad-grudzien-2019\/#primaryimage"},"thumbnailUrl":"https:\/\/akademia-zdrowia.pl\/kielce\/wp-content\/uploads\/sites\/4\/2018\/01\/kursy_medyczne.jpg","datePublished":"2019-11-12T12:39:31+00:00","dateModified":"2022-08-12T21:12:50+00:00","author":{"@id":"https:\/\/akademia-zdrowia.pl\/kielce\/#\/schema\/person\/82c1caa75b251b3f13678950c21f54d6"},"breadcrumb":{"@id":"https:\/\/akademia-zdrowia.pl\/kielce\/specjalizacje-i-kursy-specjalistyczne-listopad-grudzien-2019\/#breadcrumb"},"inLanguage":"pl-PL","potentialAction":[{"@type":"ReadAction","target":["https:\/\/akademia-zdrowia.pl\/kielce\/specjalizacje-i-kursy-specjalistyczne-listopad-grudzien-2019\/"]}]},{"@type":"ImageObject","inLanguage":"pl-PL","@id":"https:\/\/akademia-zdrowia.pl\/kielce\/specjalizacje-i-kursy-specjalistyczne-listopad-grudzien-2019\/#primaryimage","url":"https:\/\/akademia-zdrowia.pl\/kielce\/wp-content\/uploads\/sites\/4\/2018\/01\/kursy_medyczne.jpg","contentUrl":"https:\/\/akademia-zdrowia.pl\/kielce\/wp-content\/uploads\/sites\/4\/2018\/01\/kursy_medyczne.jpg"},{"@type":"BreadcrumbList","@id":"https:\/\/akademia-zdrowia.pl\/kielce\/specjalizacje-i-kursy-specjalistyczne-listopad-grudzien-2019\/#breadcrumb","itemListElement":[{"@type":"ListItem","position":1,"name":"Strona g\u0142\u00f3wna","item":"https:\/\/akademia-zdrowia.pl\/kielce\/"},{"@type":"ListItem","position":2,"name":"SPECJALIZACJE I KURSY SPECJALISTYCZNE &#8211; LISTOPAD\/GRUDZIE\u0143 2019"}]},{"@type":"WebSite","@id":"https:\/\/akademia-zdrowia.pl\/kielce\/#website","url":"https:\/\/akademia-zdrowia.pl\/kielce\/","name":"Akademia Zdrowia Kielce","description":"Kolejna witryna oparta na WordPressie","potentialAction":[{"@type":"SearchAction","target":{"@type":"EntryPoint","urlTemplate":"https:\/\/akademia-zdrowia.pl\/kielce\/?s={search_term_string}"},"query-input":{"@type":"PropertyValueSpecification","valueRequired":true,"valueName":"search_term_string"}}],"inLanguage":"pl-PL"},{"@type":"Person","@id":"https:\/\/akademia-zdrowia.pl\/kielce\/#\/schema\/person\/82c1caa75b251b3f13678950c21f54d6","name":"grafpro","image":{"@type":"ImageObject","inLanguage":"pl-PL","@id":"https:\/\/akademia-zdrowia.pl\/kielce\/#\/schema\/person\/image\/","url":"https:\/\/secure.gravatar.com\/avatar\/2d5adb7a7f905eecbe0bba2c5f9dd38dbbc2adf65a63f1a4664434301405cac5?s=96&d=mm&r=g","contentUrl":"https:\/\/secure.gravatar.com\/avatar\/2d5adb7a7f905eecbe0bba2c5f9dd38dbbc2adf65a63f1a4664434301405cac5?s=96&d=mm&r=g","caption":"grafpro"}}]}},"_links":{"self":[{"href":"https:\/\/akademia-zdrowia.pl\/kielce\/wp-json\/wp\/v2\/posts\/1366","targetHints":{"allow":["GET"]}}],"collection":[{"href":"https:\/\/akademia-zdrowia.pl\/kielce\/wp-json\/wp\/v2\/posts"}],"about":[{"href":"https:\/\/akademia-zdrowia.pl\/kielce\/wp-json\/wp\/v2\/types\/post"}],"author":[{"embeddable":true,"href":"https:\/\/akademia-zdrowia.pl\/kielce\/wp-json\/wp\/v2\/users\/1"}],"replies":[{"embeddable":true,"href":"https:\/\/akademia-zdrowia.pl\/kielce\/wp-json\/wp\/v2\/comments?post=1366"}],"version-history":[{"count":1,"href":"https:\/\/akademia-zdrowia.pl\/kielce\/wp-json\/wp\/v2\/posts\/1366\/revisions"}],"predecessor-version":[{"id":4051,"href":"https:\/\/akademia-zdrowia.pl\/kielce\/wp-json\/wp\/v2\/posts\/1366\/revisions\/4051"}],"wp:attachment":[{"href":"https:\/\/akademia-zdrowia.pl\/kielce\/wp-json\/wp\/v2\/media?parent=1366"}],"wp:term":[{"taxonomy":"category","embeddable":true,"href":"https:\/\/akademia-zdrowia.pl\/kielce\/wp-json\/wp\/v2\/categories?post=1366"},{"taxonomy":"post_tag","embeddable":true,"href":"https:\/\/akademia-zdrowia.pl\/kielce\/wp-json\/wp\/v2\/tags?post=1366"}],"curies":[{"name":"wp","href":"https:\/\/api.w.org\/{rel}","templated":true}]}}