{"id":3737,"date":"2022-02-21T15:10:27","date_gmt":"2022-02-21T14:10:27","guid":{"rendered":"https:\/\/akademia-zdrowia.pl\/kielce\/?p=3737"},"modified":"2022-08-12T23:12:50","modified_gmt":"2022-08-12T21:12:50","slug":"nabor-wiosenny-na-specjalizacje","status":"publish","type":"post","link":"https:\/\/akademia-zdrowia.pl\/kielce\/nabor-wiosenny-na-specjalizacje\/","title":{"rendered":"NAB\u00d3R WIOSENNY NA SPECJALIZACJE"},"content":{"rendered":"\t\t<div data-elementor-type=\"wp-post\" data-elementor-id=\"3737\" class=\"elementor elementor-3737\" data-elementor-post-type=\"post\">\n\t\t\t\t\t\t<section class=\"elementor-section elementor-top-section elementor-element elementor-element-4f9f0e1 elementor-section-boxed elementor-section-height-default elementor-section-height-default\" data-id=\"4f9f0e1\" data-element_type=\"section\" data-e-type=\"section\">\n\t\t\t\t\t\t<div class=\"elementor-container elementor-column-gap-default\">\n\t\t\t\t\t<div class=\"elementor-column elementor-col-100 elementor-top-column elementor-element elementor-element-bba40e7\" data-id=\"bba40e7\" data-element_type=\"column\" data-e-type=\"column\">\n\t\t\t<div class=\"elementor-widget-wrap\">\n\t\t\t\t\t\t\t<\/div>\n\t\t<\/div>\n\t\t\t\t\t<\/div>\n\t\t<\/section>\n\t\t\t\t<section class=\"elementor-section elementor-top-section elementor-element elementor-element-896aa3d elementor-section-boxed elementor-section-height-default elementor-section-height-default\" data-id=\"896aa3d\" data-element_type=\"section\" data-e-type=\"section\">\n\t\t\t\t\t\t<div class=\"elementor-container elementor-column-gap-default\">\n\t\t\t\t\t<div class=\"elementor-column elementor-col-100 elementor-top-column elementor-element elementor-element-bb63301\" data-id=\"bb63301\" data-element_type=\"column\" data-e-type=\"column\">\n\t\t\t<div class=\"elementor-widget-wrap elementor-element-populated\">\n\t\t\t\t\t\t<div class=\"elementor-element elementor-element-a2d0df2 elementor-widget elementor-widget-text-editor\" data-id=\"a2d0df2\" data-element_type=\"widget\" data-e-type=\"widget\" data-widget_type=\"text-editor.default\">\n\t\t\t\t<div class=\"elementor-widget-container\">\n\t\t\t\t\t\t\t\t\t<h3 style=\"text-align: center;\">Akademia Zdrowia przypomina, \u017ce osoby chc\u0105ce zapisa\u0107 si\u0119 na specjalizacj\u0119 musz\u0105:<\/h3><ul><li><h4>Posiada\u0107 Prawo Wykonywania Zawodu<\/h4><\/li><li><h4>Wykaza\u0107 za\u015bwiadczenie o minimum 2 &#8211; letnim sta\u017cu pracy w zawodzie w okresie ostatnich 5 lat<\/h4><\/li><\/ul>\t\t\t\t\t\t\t\t<\/div>\n\t\t\t\t<\/div>\n\t\t\t\t\t<\/div>\n\t\t<\/div>\n\t\t\t\t\t<\/div>\n\t\t<\/section>\n\t\t\t\t<section class=\"elementor-section elementor-top-section elementor-element elementor-element-a3bfaf7 elementor-section-boxed elementor-section-height-default elementor-section-height-default\" data-id=\"a3bfaf7\" data-element_type=\"section\" data-e-type=\"section\">\n\t\t\t\t\t\t<div class=\"elementor-container elementor-column-gap-default\">\n\t\t\t\t\t<div class=\"elementor-column elementor-col-100 elementor-top-column elementor-element elementor-element-574e84d\" data-id=\"574e84d\" data-element_type=\"column\" data-e-type=\"column\">\n\t\t\t<div class=\"elementor-widget-wrap elementor-element-populated\">\n\t\t\t\t\t\t<div class=\"elementor-element elementor-element-f3c56a0 elementor-widget elementor-widget-text-editor\" data-id=\"f3c56a0\" data-element_type=\"widget\" data-e-type=\"widget\" data-widget_type=\"text-editor.default\">\n\t\t\t\t<div class=\"elementor-widget-container\">\n\t\t\t\t\t\t\t\t\t<div class=\"OutlineElement Ltr SCXW136007663 BCX8\" style=\"margin: 0px; padding: 0px; user-select: text; -webkit-user-drag: none; -webkit-tap-highlight-color: transparent; overflow: visible; cursor: text; clear: both; position: relative; direction: ltr; color: #000000; font-family: 'Segoe UI', 'Segoe UI Web', Arial, Verdana, sans-serif; font-size: 12px; background-color: #ffffff;\"><p class=\"Paragraph SCXW136007663 BCX8\" style=\"margin-bottom: 0px; padding: 0px; user-select: text; -webkit-user-drag: none; -webkit-tap-highlight-color: transparent; white-space: pre-wrap; vertical-align: baseline; font-kerning: none; background-color: transparent; color: windowtext;\"><span class=\"TextRun SCXW136007663 BCX8\" lang=\"PL-PL\" style=\"margin: 0px; padding: 0px; user-select: text; -webkit-user-drag: none; -webkit-tap-highlight-color: transparent; font-size: 14pt; line-height: 26.45px; font-family: Calibri, Calibri_EmbeddedFont, Calibri_MSFontService, sans-serif; font-variant-ligatures: none !important;\" xml:lang=\"PL-PL\" data-contrast=\"none\">Szczeg\u00f3\u0142owe informacje udziela sekretariat Akademii Zdrowia pod nr telefonu:\u00a0<\/span><span class=\"EOP SCXW136007663 BCX8\" style=\"margin: 0px; padding: 0px; user-select: text; -webkit-user-drag: none; -webkit-tap-highlight-color: transparent; font-size: 14pt; line-height: 26.45px; font-family: Calibri, Calibri_EmbeddedFont, Calibri_MSFontService, sans-serif;\" data-ccp-props=\"{&quot;201341983&quot;:0,&quot;335559739&quot;:200,&quot;335559740&quot;:276}\">\u00a0<\/span><\/p><\/div><div class=\"OutlineElement Ltr SCXW136007663 BCX8\" style=\"margin: 0px; padding: 0px; user-select: text; -webkit-user-drag: none; -webkit-tap-highlight-color: transparent; overflow: visible; cursor: text; clear: both; position: relative; direction: ltr; color: #000000; font-family: 'Segoe UI', 'Segoe UI Web', Arial, Verdana, sans-serif; font-size: 12px; background-color: #ffffff;\"><p class=\"Paragraph SCXW136007663 BCX8\" style=\"margin-bottom: 0px; padding: 0px; user-select: text; -webkit-user-drag: none; -webkit-tap-highlight-color: transparent; white-space: pre-wrap; vertical-align: baseline; font-kerning: none; background-color: transparent; color: windowtext;\"><span class=\"TextRun SCXW136007663 BCX8\" lang=\"PL-PL\" style=\"margin: 0px; padding: 0px; user-select: text; -webkit-user-drag: none; -webkit-tap-highlight-color: transparent; font-size: 14pt; line-height: 26.45px; font-family: Calibri, Calibri_EmbeddedFont, Calibri_MSFontService, sans-serif; font-variant-ligatures: none !important;\" xml:lang=\"PL-PL\" data-contrast=\"none\"><span class=\"NormalTextRun SCXW136007663 BCX8\" style=\"margin: 0px; padding: 0px; user-select: text; -webkit-user-drag: none; -webkit-tap-highlight-color: transparent;\">41<\/span><span class=\"NormalTextRun SCXW136007663 BCX8\" style=\"margin: 0px; padding: 0px; user-select: text; -webkit-user-drag: none; -webkit-tap-highlight-color: transparent;\">\u202f<\/span><span class=\"NormalTextRun SCXW136007663 BCX8\" style=\"margin: 0px; padding: 0px; user-select: text; -webkit-user-drag: none; -webkit-tap-highlight-color: transparent;\">368<\/span> <span class=\"NormalTextRun SCXW136007663 BCX8\" style=\"margin: 0px; padding: 0px; user-select: text; -webkit-user-drag: none; -webkit-tap-highlight-color: transparent;\">00<\/span> <span class=\"NormalTextRun SCXW136007663 BCX8\" style=\"margin: 0px; padding: 0px; user-select: text; -webkit-user-drag: none; -webkit-tap-highlight-color: transparent;\">66<\/span> <span class=\"NormalTextRun SCXW136007663 BCX8\" style=\"margin: 0px; padding: 0px; user-select: text; -webkit-user-drag: none; -webkit-tap-highlight-color: transparent;\">\/ 41\u202f360 00 66<\/span><span class=\"NormalTextRun SCXW136007663 BCX8\" style=\"margin: 0px; padding: 0px; user-select: text; -webkit-user-drag: none; -webkit-tap-highlight-color: transparent;\">\u00a0<\/span> <span class=\"NormalTextRun SCXW136007663 BCX8\" style=\"margin: 0px; padding: 0px; user-select: text; -webkit-user-drag: none; -webkit-tap-highlight-color: transparent;\">lub osobi\u015bcie\u00a0<\/span><\/span><span class=\"EOP SCXW136007663 BCX8\" style=\"margin: 0px; padding: 0px; user-select: text; -webkit-user-drag: none; -webkit-tap-highlight-color: transparent; font-size: 14pt; line-height: 26.45px; font-family: Calibri, Calibri_EmbeddedFont, Calibri_MSFontService, sans-serif;\" data-ccp-props=\"{&quot;201341983&quot;:0,&quot;335559739&quot;:200,&quot;335559740&quot;:276}\">\u00a0<\/span><\/p><\/div><div class=\"OutlineElement Ltr SCXW136007663 BCX8\" style=\"margin: 0px; padding: 0px; user-select: text; -webkit-user-drag: none; -webkit-tap-highlight-color: transparent; overflow: visible; cursor: text; clear: both; position: relative; direction: ltr; color: #000000; font-family: 'Segoe UI', 'Segoe UI Web', Arial, Verdana, sans-serif; font-size: 12px; background-color: #ffffff;\"><p class=\"Paragraph SCXW136007663 BCX8\" style=\"margin-bottom: 0px; padding: 0px; user-select: text; -webkit-user-drag: none; -webkit-tap-highlight-color: transparent; white-space: pre-wrap; vertical-align: baseline; font-kerning: none; background-color: transparent; color: windowtext;\"><span class=\"TextRun SCXW136007663 BCX8\" lang=\"PL-PL\" style=\"margin: 0px; padding: 0px; user-select: text; -webkit-user-drag: none; -webkit-tap-highlight-color: transparent; font-size: 14pt; font-style: italic; line-height: 26.45px; font-family: Calibri, Calibri_EmbeddedFont, Calibri_MSFontService, sans-serif; font-variant-ligatures: none !important;\" xml:lang=\"PL-PL\" data-contrast=\"none\">Kielce, al. IX Wiek\u00f3w Kielc 8\/24<\/span><span class=\"EOP SCXW136007663 BCX8\" style=\"margin: 0px; padding: 0px; user-select: text; -webkit-user-drag: none; -webkit-tap-highlight-color: transparent; font-size: 14pt; line-height: 26.45px; font-family: Calibri, Calibri_EmbeddedFont, Calibri_MSFontService, sans-serif;\" data-ccp-props=\"{&quot;201341983&quot;:0,&quot;335559739&quot;:200,&quot;335559740&quot;:276}\">\u00a0<\/span><\/p><\/div>\t\t\t\t\t\t\t\t<\/div>\n\t\t\t\t<\/div>\n\t\t\t\t\t<\/div>\n\t\t<\/div>\n\t\t\t\t\t<\/div>\n\t\t<\/section>\n\t\t\t\t<\/div>\n\t\t","protected":false},"excerpt":{"rendered":"<p>Piel\u0119gniarstwo rodzinne dla piel\u0119gniarek Kwota \u2013 2 600,00 z\u0142\u00a0 Termin logowania si\u0119 w systemie SMK do 25.03.2022r.\u00a0 Read More Piel\u0119gniarstwo Anestezjologiczne i Intensywnej Opieki Kwota- 2\u202f800,00 z\u0142 Termin logowania si\u0119 w systemie SMK do 25.03.2022r. Read More Piel\u0119gniarstwo Internistyczne Kwota- 2\u202f650,00 z\u0142 Termin logowania si\u0119 w systemie SMK do 20.04.2022r. Read More Piel\u0119gniarstwo Chirurgiczne Kwota-&#8230;<\/p>\n","protected":false},"author":3,"featured_media":3745,"comment_status":"closed","ping_status":"closed","sticky":false,"template":"","format":"standard","meta":{"footnotes":""},"categories":[1],"tags":[],"class_list":["post-3737","post","type-post","status-publish","format-standard","has-post-thumbnail","hentry","category-bez-kategorii"],"yoast_head":"<!-- This site is optimized with the Yoast SEO plugin v26.9 - https:\/\/yoast.com\/product\/yoast-seo-wordpress\/ -->\n<title>NAB\u00d3R WIOSENNY NA SPECJALIZACJE - Akademia Zdrowia Kielce<\/title>\n<meta name=\"robots\" content=\"index, follow, max-snippet:-1, max-image-preview:large, max-video-preview:-1\" \/>\n<link rel=\"canonical\" href=\"https:\/\/akademia-zdrowia.pl\/kielce\/nabor-wiosenny-na-specjalizacje\/\" \/>\n<meta property=\"og:locale\" content=\"pl_PL\" \/>\n<meta property=\"og:type\" content=\"article\" \/>\n<meta property=\"og:title\" content=\"NAB\u00d3R WIOSENNY NA SPECJALIZACJE - Akademia Zdrowia Kielce\" \/>\n<meta property=\"og:description\" content=\"Piel\u0119gniarstwo rodzinne dla piel\u0119gniarek Kwota \u2013 2 600,00 z\u0142\u00a0 Termin logowania si\u0119 w systemie SMK do 25.03.2022r.\u00a0 Read More Piel\u0119gniarstwo Anestezjologiczne i Intensywnej Opieki Kwota- 2\u202f800,00 z\u0142 Termin logowania si\u0119 w systemie SMK do 25.03.2022r. Read More Piel\u0119gniarstwo Internistyczne Kwota- 2\u202f650,00 z\u0142 Termin logowania si\u0119 w systemie SMK do 20.04.2022r. Read More Piel\u0119gniarstwo Chirurgiczne Kwota-...\" \/>\n<meta property=\"og:url\" content=\"https:\/\/akademia-zdrowia.pl\/kielce\/nabor-wiosenny-na-specjalizacje\/\" \/>\n<meta property=\"og:site_name\" content=\"Akademia Zdrowia Kielce\" \/>\n<meta property=\"article:published_time\" content=\"2022-02-21T14:10:27+00:00\" \/>\n<meta property=\"article:modified_time\" content=\"2022-08-12T21:12:50+00:00\" \/>\n<meta property=\"og:image\" content=\"https:\/\/akademia-zdrowia.pl\/kielce\/wp-content\/uploads\/2022\/02\/11.png\" \/>\n\t<meta property=\"og:image:width\" content=\"1409\" \/>\n\t<meta property=\"og:image:height\" content=\"2000\" \/>\n\t<meta property=\"og:image:type\" content=\"image\/png\" \/>\n<meta name=\"author\" content=\"akademia\" \/>\n<meta name=\"twitter:card\" content=\"summary_large_image\" \/>\n<meta name=\"twitter:label1\" content=\"Napisane przez\" \/>\n\t<meta name=\"twitter:data1\" content=\"akademia\" \/>\n\t<meta name=\"twitter:label2\" content=\"Szacowany czas czytania\" \/>\n\t<meta name=\"twitter:data2\" content=\"1 minuta\" \/>\n<script type=\"application\/ld+json\" class=\"yoast-schema-graph\">{\"@context\":\"https:\/\/schema.org\",\"@graph\":[{\"@type\":\"Article\",\"@id\":\"https:\/\/akademia-zdrowia.pl\/kielce\/nabor-wiosenny-na-specjalizacje\/#article\",\"isPartOf\":{\"@id\":\"https:\/\/akademia-zdrowia.pl\/kielce\/nabor-wiosenny-na-specjalizacje\/\"},\"author\":{\"name\":\"akademia\",\"@id\":\"https:\/\/akademia-zdrowia.pl\/kielce\/#\/schema\/person\/50d9c5839dde13c0b30557a5c99748fc\"},\"headline\":\"NAB\u00d3R WIOSENNY NA SPECJALIZACJE\",\"datePublished\":\"2022-02-21T14:10:27+00:00\",\"dateModified\":\"2022-08-12T21:12:50+00:00\",\"mainEntityOfPage\":{\"@id\":\"https:\/\/akademia-zdrowia.pl\/kielce\/nabor-wiosenny-na-specjalizacje\/\"},\"wordCount\":122,\"image\":{\"@id\":\"https:\/\/akademia-zdrowia.pl\/kielce\/nabor-wiosenny-na-specjalizacje\/#primaryimage\"},\"thumbnailUrl\":\"https:\/\/akademia-zdrowia.pl\/kielce\/wp-content\/uploads\/2022\/02\/11.png\",\"inLanguage\":\"pl-PL\"},{\"@type\":\"WebPage\",\"@id\":\"https:\/\/akademia-zdrowia.pl\/kielce\/nabor-wiosenny-na-specjalizacje\/\",\"url\":\"https:\/\/akademia-zdrowia.pl\/kielce\/nabor-wiosenny-na-specjalizacje\/\",\"name\":\"NAB\u00d3R WIOSENNY NA SPECJALIZACJE - Akademia Zdrowia Kielce\",\"isPartOf\":{\"@id\":\"https:\/\/akademia-zdrowia.pl\/kielce\/#website\"},\"primaryImageOfPage\":{\"@id\":\"https:\/\/akademia-zdrowia.pl\/kielce\/nabor-wiosenny-na-specjalizacje\/#primaryimage\"},\"image\":{\"@id\":\"https:\/\/akademia-zdrowia.pl\/kielce\/nabor-wiosenny-na-specjalizacje\/#primaryimage\"},\"thumbnailUrl\":\"https:\/\/akademia-zdrowia.pl\/kielce\/wp-content\/uploads\/2022\/02\/11.png\",\"datePublished\":\"2022-02-21T14:10:27+00:00\",\"dateModified\":\"2022-08-12T21:12:50+00:00\",\"author\":{\"@id\":\"https:\/\/akademia-zdrowia.pl\/kielce\/#\/schema\/person\/50d9c5839dde13c0b30557a5c99748fc\"},\"breadcrumb\":{\"@id\":\"https:\/\/akademia-zdrowia.pl\/kielce\/nabor-wiosenny-na-specjalizacje\/#breadcrumb\"},\"inLanguage\":\"pl-PL\",\"potentialAction\":[{\"@type\":\"ReadAction\",\"target\":[\"https:\/\/akademia-zdrowia.pl\/kielce\/nabor-wiosenny-na-specjalizacje\/\"]}]},{\"@type\":\"ImageObject\",\"inLanguage\":\"pl-PL\",\"@id\":\"https:\/\/akademia-zdrowia.pl\/kielce\/nabor-wiosenny-na-specjalizacje\/#primaryimage\",\"url\":\"https:\/\/akademia-zdrowia.pl\/kielce\/wp-content\/uploads\/2022\/02\/11.png\",\"contentUrl\":\"https:\/\/akademia-zdrowia.pl\/kielce\/wp-content\/uploads\/2022\/02\/11.png\",\"width\":1409,\"height\":2000},{\"@type\":\"BreadcrumbList\",\"@id\":\"https:\/\/akademia-zdrowia.pl\/kielce\/nabor-wiosenny-na-specjalizacje\/#breadcrumb\",\"itemListElement\":[{\"@type\":\"ListItem\",\"position\":1,\"name\":\"Strona g\u0142\u00f3wna\",\"item\":\"https:\/\/akademia-zdrowia.pl\/kielce\/\"},{\"@type\":\"ListItem\",\"position\":2,\"name\":\"NAB\u00d3R WIOSENNY NA SPECJALIZACJE\"}]},{\"@type\":\"WebSite\",\"@id\":\"https:\/\/akademia-zdrowia.pl\/kielce\/#website\",\"url\":\"https:\/\/akademia-zdrowia.pl\/kielce\/\",\"name\":\"Akademia Zdrowia Kielce\",\"description\":\"Kolejna witryna oparta na WordPressie\",\"potentialAction\":[{\"@type\":\"SearchAction\",\"target\":{\"@type\":\"EntryPoint\",\"urlTemplate\":\"https:\/\/akademia-zdrowia.pl\/kielce\/?s={search_term_string}\"},\"query-input\":{\"@type\":\"PropertyValueSpecification\",\"valueRequired\":true,\"valueName\":\"search_term_string\"}}],\"inLanguage\":\"pl-PL\"},{\"@type\":\"Person\",\"@id\":\"https:\/\/akademia-zdrowia.pl\/kielce\/#\/schema\/person\/50d9c5839dde13c0b30557a5c99748fc\",\"name\":\"akademia\",\"image\":{\"@type\":\"ImageObject\",\"inLanguage\":\"pl-PL\",\"@id\":\"https:\/\/akademia-zdrowia.pl\/kielce\/#\/schema\/person\/image\/\",\"url\":\"https:\/\/secure.gravatar.com\/avatar\/e235d507e816a3791b03bc1ddb29ccb4e84d21af2b6bed898bb4b582653abd31?s=96&d=mm&r=g\",\"contentUrl\":\"https:\/\/secure.gravatar.com\/avatar\/e235d507e816a3791b03bc1ddb29ccb4e84d21af2b6bed898bb4b582653abd31?s=96&d=mm&r=g\",\"caption\":\"akademia\"}}]}<\/script>\n<!-- \/ Yoast SEO plugin. -->","yoast_head_json":{"title":"NAB\u00d3R WIOSENNY NA SPECJALIZACJE - Akademia Zdrowia Kielce","robots":{"index":"index","follow":"follow","max-snippet":"max-snippet:-1","max-image-preview":"max-image-preview:large","max-video-preview":"max-video-preview:-1"},"canonical":"https:\/\/akademia-zdrowia.pl\/kielce\/nabor-wiosenny-na-specjalizacje\/","og_locale":"pl_PL","og_type":"article","og_title":"NAB\u00d3R WIOSENNY NA SPECJALIZACJE - Akademia Zdrowia Kielce","og_description":"Piel\u0119gniarstwo rodzinne dla piel\u0119gniarek Kwota \u2013 2 600,00 z\u0142\u00a0 Termin logowania si\u0119 w systemie SMK do 25.03.2022r.\u00a0 Read More Piel\u0119gniarstwo Anestezjologiczne i Intensywnej Opieki Kwota- 2\u202f800,00 z\u0142 Termin logowania si\u0119 w systemie SMK do 25.03.2022r. Read More Piel\u0119gniarstwo Internistyczne Kwota- 2\u202f650,00 z\u0142 Termin logowania si\u0119 w systemie SMK do 20.04.2022r. Read More Piel\u0119gniarstwo Chirurgiczne Kwota-...","og_url":"https:\/\/akademia-zdrowia.pl\/kielce\/nabor-wiosenny-na-specjalizacje\/","og_site_name":"Akademia Zdrowia Kielce","article_published_time":"2022-02-21T14:10:27+00:00","article_modified_time":"2022-08-12T21:12:50+00:00","og_image":[{"width":1409,"height":2000,"url":"https:\/\/akademia-zdrowia.pl\/kielce\/wp-content\/uploads\/2022\/02\/11.png","type":"image\/png"}],"author":"akademia","twitter_card":"summary_large_image","twitter_misc":{"Napisane przez":"akademia","Szacowany czas czytania":"1 minuta"},"schema":{"@context":"https:\/\/schema.org","@graph":[{"@type":"Article","@id":"https:\/\/akademia-zdrowia.pl\/kielce\/nabor-wiosenny-na-specjalizacje\/#article","isPartOf":{"@id":"https:\/\/akademia-zdrowia.pl\/kielce\/nabor-wiosenny-na-specjalizacje\/"},"author":{"name":"akademia","@id":"https:\/\/akademia-zdrowia.pl\/kielce\/#\/schema\/person\/50d9c5839dde13c0b30557a5c99748fc"},"headline":"NAB\u00d3R WIOSENNY NA SPECJALIZACJE","datePublished":"2022-02-21T14:10:27+00:00","dateModified":"2022-08-12T21:12:50+00:00","mainEntityOfPage":{"@id":"https:\/\/akademia-zdrowia.pl\/kielce\/nabor-wiosenny-na-specjalizacje\/"},"wordCount":122,"image":{"@id":"https:\/\/akademia-zdrowia.pl\/kielce\/nabor-wiosenny-na-specjalizacje\/#primaryimage"},"thumbnailUrl":"https:\/\/akademia-zdrowia.pl\/kielce\/wp-content\/uploads\/2022\/02\/11.png","inLanguage":"pl-PL"},{"@type":"WebPage","@id":"https:\/\/akademia-zdrowia.pl\/kielce\/nabor-wiosenny-na-specjalizacje\/","url":"https:\/\/akademia-zdrowia.pl\/kielce\/nabor-wiosenny-na-specjalizacje\/","name":"NAB\u00d3R WIOSENNY NA SPECJALIZACJE - Akademia Zdrowia Kielce","isPartOf":{"@id":"https:\/\/akademia-zdrowia.pl\/kielce\/#website"},"primaryImageOfPage":{"@id":"https:\/\/akademia-zdrowia.pl\/kielce\/nabor-wiosenny-na-specjalizacje\/#primaryimage"},"image":{"@id":"https:\/\/akademia-zdrowia.pl\/kielce\/nabor-wiosenny-na-specjalizacje\/#primaryimage"},"thumbnailUrl":"https:\/\/akademia-zdrowia.pl\/kielce\/wp-content\/uploads\/2022\/02\/11.png","datePublished":"2022-02-21T14:10:27+00:00","dateModified":"2022-08-12T21:12:50+00:00","author":{"@id":"https:\/\/akademia-zdrowia.pl\/kielce\/#\/schema\/person\/50d9c5839dde13c0b30557a5c99748fc"},"breadcrumb":{"@id":"https:\/\/akademia-zdrowia.pl\/kielce\/nabor-wiosenny-na-specjalizacje\/#breadcrumb"},"inLanguage":"pl-PL","potentialAction":[{"@type":"ReadAction","target":["https:\/\/akademia-zdrowia.pl\/kielce\/nabor-wiosenny-na-specjalizacje\/"]}]},{"@type":"ImageObject","inLanguage":"pl-PL","@id":"https:\/\/akademia-zdrowia.pl\/kielce\/nabor-wiosenny-na-specjalizacje\/#primaryimage","url":"https:\/\/akademia-zdrowia.pl\/kielce\/wp-content\/uploads\/2022\/02\/11.png","contentUrl":"https:\/\/akademia-zdrowia.pl\/kielce\/wp-content\/uploads\/2022\/02\/11.png","width":1409,"height":2000},{"@type":"BreadcrumbList","@id":"https:\/\/akademia-zdrowia.pl\/kielce\/nabor-wiosenny-na-specjalizacje\/#breadcrumb","itemListElement":[{"@type":"ListItem","position":1,"name":"Strona g\u0142\u00f3wna","item":"https:\/\/akademia-zdrowia.pl\/kielce\/"},{"@type":"ListItem","position":2,"name":"NAB\u00d3R WIOSENNY NA SPECJALIZACJE"}]},{"@type":"WebSite","@id":"https:\/\/akademia-zdrowia.pl\/kielce\/#website","url":"https:\/\/akademia-zdrowia.pl\/kielce\/","name":"Akademia Zdrowia Kielce","description":"Kolejna witryna oparta na WordPressie","potentialAction":[{"@type":"SearchAction","target":{"@type":"EntryPoint","urlTemplate":"https:\/\/akademia-zdrowia.pl\/kielce\/?s={search_term_string}"},"query-input":{"@type":"PropertyValueSpecification","valueRequired":true,"valueName":"search_term_string"}}],"inLanguage":"pl-PL"},{"@type":"Person","@id":"https:\/\/akademia-zdrowia.pl\/kielce\/#\/schema\/person\/50d9c5839dde13c0b30557a5c99748fc","name":"akademia","image":{"@type":"ImageObject","inLanguage":"pl-PL","@id":"https:\/\/akademia-zdrowia.pl\/kielce\/#\/schema\/person\/image\/","url":"https:\/\/secure.gravatar.com\/avatar\/e235d507e816a3791b03bc1ddb29ccb4e84d21af2b6bed898bb4b582653abd31?s=96&d=mm&r=g","contentUrl":"https:\/\/secure.gravatar.com\/avatar\/e235d507e816a3791b03bc1ddb29ccb4e84d21af2b6bed898bb4b582653abd31?s=96&d=mm&r=g","caption":"akademia"}}]}},"_links":{"self":[{"href":"https:\/\/akademia-zdrowia.pl\/kielce\/wp-json\/wp\/v2\/posts\/3737","targetHints":{"allow":["GET"]}}],"collection":[{"href":"https:\/\/akademia-zdrowia.pl\/kielce\/wp-json\/wp\/v2\/posts"}],"about":[{"href":"https:\/\/akademia-zdrowia.pl\/kielce\/wp-json\/wp\/v2\/types\/post"}],"author":[{"embeddable":true,"href":"https:\/\/akademia-zdrowia.pl\/kielce\/wp-json\/wp\/v2\/users\/3"}],"replies":[{"embeddable":true,"href":"https:\/\/akademia-zdrowia.pl\/kielce\/wp-json\/wp\/v2\/comments?post=3737"}],"version-history":[{"count":4,"href":"https:\/\/akademia-zdrowia.pl\/kielce\/wp-json\/wp\/v2\/posts\/3737\/revisions"}],"predecessor-version":[{"id":3746,"href":"https:\/\/akademia-zdrowia.pl\/kielce\/wp-json\/wp\/v2\/posts\/3737\/revisions\/3746"}],"wp:featuredmedia":[{"embeddable":true,"href":"https:\/\/akademia-zdrowia.pl\/kielce\/wp-json\/wp\/v2\/media\/3745"}],"wp:attachment":[{"href":"https:\/\/akademia-zdrowia.pl\/kielce\/wp-json\/wp\/v2\/media?parent=3737"}],"wp:term":[{"taxonomy":"category","embeddable":true,"href":"https:\/\/akademia-zdrowia.pl\/kielce\/wp-json\/wp\/v2\/categories?post=3737"},{"taxonomy":"post_tag","embeddable":true,"href":"https:\/\/akademia-zdrowia.pl\/kielce\/wp-json\/wp\/v2\/tags?post=3737"}],"curies":[{"name":"wp","href":"https:\/\/api.w.org\/{rel}","templated":true}]}}