{"id":4137,"date":"2022-09-28T12:05:25","date_gmt":"2022-09-28T10:05:25","guid":{"rendered":"https:\/\/akademia-zdrowia.pl\/kielce\/?p=4137"},"modified":"2022-09-28T12:07:11","modified_gmt":"2022-09-28T10:07:11","slug":"szkolenie-z-pierwszej-pomocy-dzieciom-i-niemowletom","status":"publish","type":"post","link":"https:\/\/akademia-zdrowia.pl\/kielce\/szkolenie-z-pierwszej-pomocy-dzieciom-i-niemowletom\/","title":{"rendered":"Szkolenie z pierwszej pomocy dzieciom i niemowl\u0119tom!"},"content":{"rendered":"\t\t<div data-elementor-type=\"wp-post\" data-elementor-id=\"4137\" class=\"elementor elementor-4137\" data-elementor-post-type=\"post\">\n\t\t\t\t\t\t<section class=\"elementor-section elementor-top-section elementor-element elementor-element-bbb7830 elementor-section-boxed elementor-section-height-default elementor-section-height-default\" data-id=\"bbb7830\" data-element_type=\"section\" data-e-type=\"section\">\n\t\t\t\t\t\t<div class=\"elementor-container elementor-column-gap-default\">\n\t\t\t\t\t<div class=\"elementor-column elementor-col-100 elementor-top-column elementor-element elementor-element-f2c6093\" data-id=\"f2c6093\" data-element_type=\"column\" data-e-type=\"column\">\n\t\t\t<div class=\"elementor-widget-wrap elementor-element-populated\">\n\t\t\t\t\t\t<section class=\"elementor-section elementor-inner-section elementor-element elementor-element-0fd7973 elementor-section-boxed elementor-section-height-default elementor-section-height-default\" data-id=\"0fd7973\" data-element_type=\"section\" data-e-type=\"section\">\n\t\t\t\t\t\t<div class=\"elementor-container elementor-column-gap-default\">\n\t\t\t\t\t<div class=\"elementor-column elementor-col-50 elementor-inner-column elementor-element elementor-element-850c4bd\" data-id=\"850c4bd\" data-element_type=\"column\" data-e-type=\"column\">\n\t\t\t<div class=\"elementor-widget-wrap elementor-element-populated\">\n\t\t\t\t\t\t<div class=\"elementor-element elementor-element-a527084 elementor-widget elementor-widget-text-editor\" data-id=\"a527084\" data-element_type=\"widget\" data-e-type=\"widget\" data-widget_type=\"text-editor.default\">\n\t\t\t\t<div class=\"elementor-widget-container\">\n\t\t\t\t\t\t\t\t\t<p>Zapraszamy serdecznie do zapis\u00f3w na szkolenie z pierwszej pomocy dzieciom i niemowl\u0119tom<br \/>\ud83d\udde3\ufe0fdowiecie\u00a0si\u0119\u00a0jak\u00a0reagowa\u0107\u00a0w\u00a0sytuacji\u00a0m.in.<br \/><br \/>\ud83d\udccczad\u0142awienia<br \/>\ud83d\udccczakrztuszenia<br \/>\ud83d\udcccwysokiej\u00a0gor\u0105czki<br \/>\ud83d\udcccoparzenia<br \/>\ud83d\udccczatrucia<br \/>\ud83d\udccckrwotoku<br \/>\ud83d\udcccuraz\u00f3w<br \/>\u2026<br \/>oraz\u00a0innych\u00a0niebezpiecznych\u00a0zdarze\u0144<br \/><br \/>\ud83d\udcacWiedza\u00a0zdobyta\u00a0na\u00a0kursie\u00a0mo\u017ce\u00a0przyda\u0107\u00a0si\u0119\u00a0ka\u017cdemu.<br \/>Dlatego te\u017c, zapraszamy rodzic\u00f3w, dziadk\u00f3w, wujk\u00f3w, ciocie, nauczycieli, wychowawc\u00f3w, opiekun\u00f3w w przedszkolu i \u017c\u0142obku, przewodnik\u00f3w i osoby maj\u0105ce styczno\u015b\u0107 z dzie\u0107mi.<br \/>\ud83d\uddd3\ufe0fZaj\u0119cia\u00a0prowadzone\u00a0s\u0105\u00a0w\u00a0ci\u0105gu\u00a0dw\u00f3ch\u00a0dni\u00a0roboczych\u00a0\/\u00a0popo\u0142udniami.<br \/>\u23f010\u00a0h\u00a0dydaktycznych<br \/>Teoria\u00a0+\u00a0\u0107wiczenia<br \/>\u26a0\ufe0f<br \/>Liczba\u00a0miejsc\u00a0w\u00a0grupie\u00a0ograniczona.<br \/><br \/>Zapisy\u00a0telefonicznie\u00a041\u00a0368\u00a000\u00a066<\/p>\t\t\t\t\t\t\t\t<\/div>\n\t\t\t\t<\/div>\n\t\t\t\t\t<\/div>\n\t\t<\/div>\n\t\t\t\t<div class=\"elementor-column elementor-col-50 elementor-inner-column elementor-element elementor-element-f626ef9\" data-id=\"f626ef9\" data-element_type=\"column\" data-e-type=\"column\">\n\t\t\t<div class=\"elementor-widget-wrap elementor-element-populated\">\n\t\t\t\t\t\t<div class=\"elementor-element elementor-element-d9d7ea2 elementor-widget elementor-widget-image\" data-id=\"d9d7ea2\" data-element_type=\"widget\" data-e-type=\"widget\" data-widget_type=\"image.default\">\n\t\t\t\t<div class=\"elementor-widget-container\">\n\t\t\t\t\t\t\t\t\t\t\t\t\t\t\t<img fetchpriority=\"high\" decoding=\"async\" width=\"640\" height=\"640\" src=\"https:\/\/akademia-zdrowia.pl\/kielce\/wp-content\/uploads\/2022\/09\/308210119_534464722013101_5036615324300077633_n-1024x1024.png\" class=\"attachment-large size-large wp-image-4138\" alt=\"\" srcset=\"https:\/\/akademia-zdrowia.pl\/kielce\/wp-content\/uploads\/2022\/09\/308210119_534464722013101_5036615324300077633_n-1024x1024.png 1024w, https:\/\/akademia-zdrowia.pl\/kielce\/wp-content\/uploads\/2022\/09\/308210119_534464722013101_5036615324300077633_n-300x300.png 300w, https:\/\/akademia-zdrowia.pl\/kielce\/wp-content\/uploads\/2022\/09\/308210119_534464722013101_5036615324300077633_n-150x150.png 150w, https:\/\/akademia-zdrowia.pl\/kielce\/wp-content\/uploads\/2022\/09\/308210119_534464722013101_5036615324300077633_n-768x768.png 768w, https:\/\/akademia-zdrowia.pl\/kielce\/wp-content\/uploads\/2022\/09\/308210119_534464722013101_5036615324300077633_n-500x500.png 500w, https:\/\/akademia-zdrowia.pl\/kielce\/wp-content\/uploads\/2022\/09\/308210119_534464722013101_5036615324300077633_n-120x120.png 120w, https:\/\/akademia-zdrowia.pl\/kielce\/wp-content\/uploads\/2022\/09\/308210119_534464722013101_5036615324300077633_n-220x220.png 220w, https:\/\/akademia-zdrowia.pl\/kielce\/wp-content\/uploads\/2022\/09\/308210119_534464722013101_5036615324300077633_n-390x390.png 390w, https:\/\/akademia-zdrowia.pl\/kielce\/wp-content\/uploads\/2022\/09\/308210119_534464722013101_5036615324300077633_n-1000x1000.png 1000w, https:\/\/akademia-zdrowia.pl\/kielce\/wp-content\/uploads\/2022\/09\/308210119_534464722013101_5036615324300077633_n.png 1080w\" sizes=\"(max-width: 640px) 100vw, 640px\" \/>\t\t\t\t\t\t\t\t\t\t\t\t\t\t\t<\/div>\n\t\t\t\t<\/div>\n\t\t\t\t\t<\/div>\n\t\t<\/div>\n\t\t\t\t\t<\/div>\n\t\t<\/section>\n\t\t\t\t\t<\/div>\n\t\t<\/div>\n\t\t\t\t\t<\/div>\n\t\t<\/section>\n\t\t\t\t<\/div>\n\t\t","protected":false},"excerpt":{"rendered":"<p>Zapraszamy serdecznie do zapis\u00f3w na szkolenie z pierwszej pomocy dzieciom i niemowl\u0119tom\ud83d\udde3\ufe0fdowiecie\u00a0si\u0119\u00a0jak\u00a0reagowa\u0107\u00a0w\u00a0sytuacji\u00a0m.in. \ud83d\udccczad\u0142awienia\ud83d\udccczakrztuszenia\ud83d\udcccwysokiej\u00a0gor\u0105czki\ud83d\udcccoparzenia\ud83d\udccczatrucia\ud83d\udccckrwotoku\ud83d\udcccuraz\u00f3w\u2026oraz\u00a0innych\u00a0niebezpiecznych\u00a0zdarze\u0144 \ud83d\udcacWiedza\u00a0zdobyta\u00a0na\u00a0kursie\u00a0mo\u017ce\u00a0przyda\u0107\u00a0si\u0119\u00a0ka\u017cdemu.Dlatego te\u017c, zapraszamy rodzic\u00f3w, dziadk\u00f3w, wujk\u00f3w, ciocie, nauczycieli, wychowawc\u00f3w, opiekun\u00f3w w przedszkolu i \u017c\u0142obku, przewodnik\u00f3w i osoby maj\u0105ce styczno\u015b\u0107 z dzie\u0107mi.\ud83d\uddd3\ufe0fZaj\u0119cia\u00a0prowadzone\u00a0s\u0105\u00a0w\u00a0ci\u0105gu\u00a0dw\u00f3ch\u00a0dni\u00a0roboczych\u00a0\/\u00a0popo\u0142udniami.\u23f010\u00a0h\u00a0dydaktycznychTeoria\u00a0+\u00a0\u0107wiczenia\u26a0\ufe0fLiczba\u00a0miejsc\u00a0w\u00a0grupie\u00a0ograniczona. Zapisy\u00a0telefonicznie\u00a041\u00a0368\u00a000\u00a066<\/p>\n","protected":false},"author":3,"featured_media":4138,"comment_status":"open","ping_status":"open","sticky":false,"template":"","format":"standard","meta":{"footnotes":""},"categories":[1],"tags":[],"class_list":["post-4137","post","type-post","status-publish","format-standard","has-post-thumbnail","hentry","category-bez-kategorii"],"yoast_head":"<!-- This site is optimized with the Yoast SEO plugin v26.9 - https:\/\/yoast.com\/product\/yoast-seo-wordpress\/ -->\n<title>Szkolenie z pierwszej pomocy dzieciom i niemowl\u0119tom! - Akademia Zdrowia Kielce<\/title>\n<meta name=\"robots\" content=\"index, follow, max-snippet:-1, max-image-preview:large, max-video-preview:-1\" \/>\n<link rel=\"canonical\" href=\"https:\/\/akademia-zdrowia.pl\/kielce\/szkolenie-z-pierwszej-pomocy-dzieciom-i-niemowletom\/\" \/>\n<meta property=\"og:locale\" content=\"pl_PL\" \/>\n<meta property=\"og:type\" content=\"article\" \/>\n<meta property=\"og:title\" content=\"Szkolenie z pierwszej pomocy dzieciom i niemowl\u0119tom! - Akademia Zdrowia Kielce\" \/>\n<meta property=\"og:description\" content=\"Zapraszamy serdecznie do zapis\u00f3w na szkolenie z pierwszej pomocy dzieciom i niemowl\u0119tom\ud83d\udde3\ufe0fdowiecie\u00a0si\u0119\u00a0jak\u00a0reagowa\u0107\u00a0w\u00a0sytuacji\u00a0m.in. \ud83d\udccczad\u0142awienia\ud83d\udccczakrztuszenia\ud83d\udcccwysokiej\u00a0gor\u0105czki\ud83d\udcccoparzenia\ud83d\udccczatrucia\ud83d\udccckrwotoku\ud83d\udcccuraz\u00f3w\u2026oraz\u00a0innych\u00a0niebezpiecznych\u00a0zdarze\u0144 \ud83d\udcacWiedza\u00a0zdobyta\u00a0na\u00a0kursie\u00a0mo\u017ce\u00a0przyda\u0107\u00a0si\u0119\u00a0ka\u017cdemu.Dlatego te\u017c, zapraszamy rodzic\u00f3w, dziadk\u00f3w, wujk\u00f3w, ciocie, nauczycieli, wychowawc\u00f3w, opiekun\u00f3w w przedszkolu i \u017c\u0142obku, przewodnik\u00f3w i osoby maj\u0105ce styczno\u015b\u0107 z dzie\u0107mi.\ud83d\uddd3\ufe0fZaj\u0119cia\u00a0prowadzone\u00a0s\u0105\u00a0w\u00a0ci\u0105gu\u00a0dw\u00f3ch\u00a0dni\u00a0roboczych\u00a0\/\u00a0popo\u0142udniami.\u23f010\u00a0h\u00a0dydaktycznychTeoria\u00a0+\u00a0\u0107wiczenia\u26a0\ufe0fLiczba\u00a0miejsc\u00a0w\u00a0grupie\u00a0ograniczona. Zapisy\u00a0telefonicznie\u00a041\u00a0368\u00a000\u00a066\" \/>\n<meta property=\"og:url\" content=\"https:\/\/akademia-zdrowia.pl\/kielce\/szkolenie-z-pierwszej-pomocy-dzieciom-i-niemowletom\/\" \/>\n<meta property=\"og:site_name\" content=\"Akademia Zdrowia Kielce\" \/>\n<meta property=\"article:published_time\" content=\"2022-09-28T10:05:25+00:00\" \/>\n<meta property=\"article:modified_time\" content=\"2022-09-28T10:07:11+00:00\" \/>\n<meta property=\"og:image\" content=\"https:\/\/akademia-zdrowia.pl\/kielce\/wp-content\/uploads\/2022\/09\/308210119_534464722013101_5036615324300077633_n.png\" \/>\n\t<meta property=\"og:image:width\" content=\"1080\" \/>\n\t<meta property=\"og:image:height\" content=\"1080\" \/>\n\t<meta property=\"og:image:type\" content=\"image\/png\" \/>\n<meta name=\"author\" content=\"akademia\" \/>\n<meta name=\"twitter:card\" content=\"summary_large_image\" \/>\n<meta name=\"twitter:label1\" content=\"Napisane przez\" \/>\n\t<meta name=\"twitter:data1\" content=\"akademia\" \/>\n\t<meta name=\"twitter:label2\" content=\"Szacowany czas czytania\" \/>\n\t<meta name=\"twitter:data2\" content=\"4 minuty\" \/>\n<script type=\"application\/ld+json\" class=\"yoast-schema-graph\">{\"@context\":\"https:\/\/schema.org\",\"@graph\":[{\"@type\":\"Article\",\"@id\":\"https:\/\/akademia-zdrowia.pl\/kielce\/szkolenie-z-pierwszej-pomocy-dzieciom-i-niemowletom\/#article\",\"isPartOf\":{\"@id\":\"https:\/\/akademia-zdrowia.pl\/kielce\/szkolenie-z-pierwszej-pomocy-dzieciom-i-niemowletom\/\"},\"author\":{\"name\":\"akademia\",\"@id\":\"https:\/\/akademia-zdrowia.pl\/kielce\/#\/schema\/person\/50d9c5839dde13c0b30557a5c99748fc\"},\"headline\":\"Szkolenie z pierwszej pomocy dzieciom i niemowl\u0119tom!\",\"datePublished\":\"2022-09-28T10:05:25+00:00\",\"dateModified\":\"2022-09-28T10:07:11+00:00\",\"mainEntityOfPage\":{\"@id\":\"https:\/\/akademia-zdrowia.pl\/kielce\/szkolenie-z-pierwszej-pomocy-dzieciom-i-niemowletom\/\"},\"wordCount\":107,\"commentCount\":0,\"image\":{\"@id\":\"https:\/\/akademia-zdrowia.pl\/kielce\/szkolenie-z-pierwszej-pomocy-dzieciom-i-niemowletom\/#primaryimage\"},\"thumbnailUrl\":\"https:\/\/akademia-zdrowia.pl\/kielce\/wp-content\/uploads\/2022\/09\/308210119_534464722013101_5036615324300077633_n.png\",\"inLanguage\":\"pl-PL\",\"potentialAction\":[{\"@type\":\"CommentAction\",\"name\":\"Comment\",\"target\":[\"https:\/\/akademia-zdrowia.pl\/kielce\/szkolenie-z-pierwszej-pomocy-dzieciom-i-niemowletom\/#respond\"]}]},{\"@type\":\"WebPage\",\"@id\":\"https:\/\/akademia-zdrowia.pl\/kielce\/szkolenie-z-pierwszej-pomocy-dzieciom-i-niemowletom\/\",\"url\":\"https:\/\/akademia-zdrowia.pl\/kielce\/szkolenie-z-pierwszej-pomocy-dzieciom-i-niemowletom\/\",\"name\":\"Szkolenie z pierwszej pomocy dzieciom i niemowl\u0119tom! - Akademia Zdrowia Kielce\",\"isPartOf\":{\"@id\":\"https:\/\/akademia-zdrowia.pl\/kielce\/#website\"},\"primaryImageOfPage\":{\"@id\":\"https:\/\/akademia-zdrowia.pl\/kielce\/szkolenie-z-pierwszej-pomocy-dzieciom-i-niemowletom\/#primaryimage\"},\"image\":{\"@id\":\"https:\/\/akademia-zdrowia.pl\/kielce\/szkolenie-z-pierwszej-pomocy-dzieciom-i-niemowletom\/#primaryimage\"},\"thumbnailUrl\":\"https:\/\/akademia-zdrowia.pl\/kielce\/wp-content\/uploads\/2022\/09\/308210119_534464722013101_5036615324300077633_n.png\",\"datePublished\":\"2022-09-28T10:05:25+00:00\",\"dateModified\":\"2022-09-28T10:07:11+00:00\",\"author\":{\"@id\":\"https:\/\/akademia-zdrowia.pl\/kielce\/#\/schema\/person\/50d9c5839dde13c0b30557a5c99748fc\"},\"breadcrumb\":{\"@id\":\"https:\/\/akademia-zdrowia.pl\/kielce\/szkolenie-z-pierwszej-pomocy-dzieciom-i-niemowletom\/#breadcrumb\"},\"inLanguage\":\"pl-PL\",\"potentialAction\":[{\"@type\":\"ReadAction\",\"target\":[\"https:\/\/akademia-zdrowia.pl\/kielce\/szkolenie-z-pierwszej-pomocy-dzieciom-i-niemowletom\/\"]}]},{\"@type\":\"ImageObject\",\"inLanguage\":\"pl-PL\",\"@id\":\"https:\/\/akademia-zdrowia.pl\/kielce\/szkolenie-z-pierwszej-pomocy-dzieciom-i-niemowletom\/#primaryimage\",\"url\":\"https:\/\/akademia-zdrowia.pl\/kielce\/wp-content\/uploads\/2022\/09\/308210119_534464722013101_5036615324300077633_n.png\",\"contentUrl\":\"https:\/\/akademia-zdrowia.pl\/kielce\/wp-content\/uploads\/2022\/09\/308210119_534464722013101_5036615324300077633_n.png\",\"width\":1080,\"height\":1080},{\"@type\":\"BreadcrumbList\",\"@id\":\"https:\/\/akademia-zdrowia.pl\/kielce\/szkolenie-z-pierwszej-pomocy-dzieciom-i-niemowletom\/#breadcrumb\",\"itemListElement\":[{\"@type\":\"ListItem\",\"position\":1,\"name\":\"Strona g\u0142\u00f3wna\",\"item\":\"https:\/\/akademia-zdrowia.pl\/kielce\/\"},{\"@type\":\"ListItem\",\"position\":2,\"name\":\"Szkolenie z pierwszej pomocy dzieciom i niemowl\u0119tom!\"}]},{\"@type\":\"WebSite\",\"@id\":\"https:\/\/akademia-zdrowia.pl\/kielce\/#website\",\"url\":\"https:\/\/akademia-zdrowia.pl\/kielce\/\",\"name\":\"Akademia Zdrowia Kielce\",\"description\":\"Kolejna witryna oparta na WordPressie\",\"potentialAction\":[{\"@type\":\"SearchAction\",\"target\":{\"@type\":\"EntryPoint\",\"urlTemplate\":\"https:\/\/akademia-zdrowia.pl\/kielce\/?s={search_term_string}\"},\"query-input\":{\"@type\":\"PropertyValueSpecification\",\"valueRequired\":true,\"valueName\":\"search_term_string\"}}],\"inLanguage\":\"pl-PL\"},{\"@type\":\"Person\",\"@id\":\"https:\/\/akademia-zdrowia.pl\/kielce\/#\/schema\/person\/50d9c5839dde13c0b30557a5c99748fc\",\"name\":\"akademia\",\"image\":{\"@type\":\"ImageObject\",\"inLanguage\":\"pl-PL\",\"@id\":\"https:\/\/akademia-zdrowia.pl\/kielce\/#\/schema\/person\/image\/\",\"url\":\"https:\/\/secure.gravatar.com\/avatar\/e235d507e816a3791b03bc1ddb29ccb4e84d21af2b6bed898bb4b582653abd31?s=96&d=mm&r=g\",\"contentUrl\":\"https:\/\/secure.gravatar.com\/avatar\/e235d507e816a3791b03bc1ddb29ccb4e84d21af2b6bed898bb4b582653abd31?s=96&d=mm&r=g\",\"caption\":\"akademia\"}}]}<\/script>\n<!-- \/ Yoast SEO plugin. -->","yoast_head_json":{"title":"Szkolenie z pierwszej pomocy dzieciom i niemowl\u0119tom! - Akademia Zdrowia Kielce","robots":{"index":"index","follow":"follow","max-snippet":"max-snippet:-1","max-image-preview":"max-image-preview:large","max-video-preview":"max-video-preview:-1"},"canonical":"https:\/\/akademia-zdrowia.pl\/kielce\/szkolenie-z-pierwszej-pomocy-dzieciom-i-niemowletom\/","og_locale":"pl_PL","og_type":"article","og_title":"Szkolenie z pierwszej pomocy dzieciom i niemowl\u0119tom! - Akademia Zdrowia Kielce","og_description":"Zapraszamy serdecznie do zapis\u00f3w na szkolenie z pierwszej pomocy dzieciom i niemowl\u0119tom\ud83d\udde3\ufe0fdowiecie\u00a0si\u0119\u00a0jak\u00a0reagowa\u0107\u00a0w\u00a0sytuacji\u00a0m.in. \ud83d\udccczad\u0142awienia\ud83d\udccczakrztuszenia\ud83d\udcccwysokiej\u00a0gor\u0105czki\ud83d\udcccoparzenia\ud83d\udccczatrucia\ud83d\udccckrwotoku\ud83d\udcccuraz\u00f3w\u2026oraz\u00a0innych\u00a0niebezpiecznych\u00a0zdarze\u0144 \ud83d\udcacWiedza\u00a0zdobyta\u00a0na\u00a0kursie\u00a0mo\u017ce\u00a0przyda\u0107\u00a0si\u0119\u00a0ka\u017cdemu.Dlatego te\u017c, zapraszamy rodzic\u00f3w, dziadk\u00f3w, wujk\u00f3w, ciocie, nauczycieli, wychowawc\u00f3w, opiekun\u00f3w w przedszkolu i \u017c\u0142obku, przewodnik\u00f3w i osoby maj\u0105ce styczno\u015b\u0107 z dzie\u0107mi.\ud83d\uddd3\ufe0fZaj\u0119cia\u00a0prowadzone\u00a0s\u0105\u00a0w\u00a0ci\u0105gu\u00a0dw\u00f3ch\u00a0dni\u00a0roboczych\u00a0\/\u00a0popo\u0142udniami.\u23f010\u00a0h\u00a0dydaktycznychTeoria\u00a0+\u00a0\u0107wiczenia\u26a0\ufe0fLiczba\u00a0miejsc\u00a0w\u00a0grupie\u00a0ograniczona. Zapisy\u00a0telefonicznie\u00a041\u00a0368\u00a000\u00a066","og_url":"https:\/\/akademia-zdrowia.pl\/kielce\/szkolenie-z-pierwszej-pomocy-dzieciom-i-niemowletom\/","og_site_name":"Akademia Zdrowia Kielce","article_published_time":"2022-09-28T10:05:25+00:00","article_modified_time":"2022-09-28T10:07:11+00:00","og_image":[{"width":1080,"height":1080,"url":"https:\/\/akademia-zdrowia.pl\/kielce\/wp-content\/uploads\/2022\/09\/308210119_534464722013101_5036615324300077633_n.png","type":"image\/png"}],"author":"akademia","twitter_card":"summary_large_image","twitter_misc":{"Napisane przez":"akademia","Szacowany czas czytania":"4 minuty"},"schema":{"@context":"https:\/\/schema.org","@graph":[{"@type":"Article","@id":"https:\/\/akademia-zdrowia.pl\/kielce\/szkolenie-z-pierwszej-pomocy-dzieciom-i-niemowletom\/#article","isPartOf":{"@id":"https:\/\/akademia-zdrowia.pl\/kielce\/szkolenie-z-pierwszej-pomocy-dzieciom-i-niemowletom\/"},"author":{"name":"akademia","@id":"https:\/\/akademia-zdrowia.pl\/kielce\/#\/schema\/person\/50d9c5839dde13c0b30557a5c99748fc"},"headline":"Szkolenie z pierwszej pomocy dzieciom i niemowl\u0119tom!","datePublished":"2022-09-28T10:05:25+00:00","dateModified":"2022-09-28T10:07:11+00:00","mainEntityOfPage":{"@id":"https:\/\/akademia-zdrowia.pl\/kielce\/szkolenie-z-pierwszej-pomocy-dzieciom-i-niemowletom\/"},"wordCount":107,"commentCount":0,"image":{"@id":"https:\/\/akademia-zdrowia.pl\/kielce\/szkolenie-z-pierwszej-pomocy-dzieciom-i-niemowletom\/#primaryimage"},"thumbnailUrl":"https:\/\/akademia-zdrowia.pl\/kielce\/wp-content\/uploads\/2022\/09\/308210119_534464722013101_5036615324300077633_n.png","inLanguage":"pl-PL","potentialAction":[{"@type":"CommentAction","name":"Comment","target":["https:\/\/akademia-zdrowia.pl\/kielce\/szkolenie-z-pierwszej-pomocy-dzieciom-i-niemowletom\/#respond"]}]},{"@type":"WebPage","@id":"https:\/\/akademia-zdrowia.pl\/kielce\/szkolenie-z-pierwszej-pomocy-dzieciom-i-niemowletom\/","url":"https:\/\/akademia-zdrowia.pl\/kielce\/szkolenie-z-pierwszej-pomocy-dzieciom-i-niemowletom\/","name":"Szkolenie z pierwszej pomocy dzieciom i niemowl\u0119tom! - Akademia Zdrowia Kielce","isPartOf":{"@id":"https:\/\/akademia-zdrowia.pl\/kielce\/#website"},"primaryImageOfPage":{"@id":"https:\/\/akademia-zdrowia.pl\/kielce\/szkolenie-z-pierwszej-pomocy-dzieciom-i-niemowletom\/#primaryimage"},"image":{"@id":"https:\/\/akademia-zdrowia.pl\/kielce\/szkolenie-z-pierwszej-pomocy-dzieciom-i-niemowletom\/#primaryimage"},"thumbnailUrl":"https:\/\/akademia-zdrowia.pl\/kielce\/wp-content\/uploads\/2022\/09\/308210119_534464722013101_5036615324300077633_n.png","datePublished":"2022-09-28T10:05:25+00:00","dateModified":"2022-09-28T10:07:11+00:00","author":{"@id":"https:\/\/akademia-zdrowia.pl\/kielce\/#\/schema\/person\/50d9c5839dde13c0b30557a5c99748fc"},"breadcrumb":{"@id":"https:\/\/akademia-zdrowia.pl\/kielce\/szkolenie-z-pierwszej-pomocy-dzieciom-i-niemowletom\/#breadcrumb"},"inLanguage":"pl-PL","potentialAction":[{"@type":"ReadAction","target":["https:\/\/akademia-zdrowia.pl\/kielce\/szkolenie-z-pierwszej-pomocy-dzieciom-i-niemowletom\/"]}]},{"@type":"ImageObject","inLanguage":"pl-PL","@id":"https:\/\/akademia-zdrowia.pl\/kielce\/szkolenie-z-pierwszej-pomocy-dzieciom-i-niemowletom\/#primaryimage","url":"https:\/\/akademia-zdrowia.pl\/kielce\/wp-content\/uploads\/2022\/09\/308210119_534464722013101_5036615324300077633_n.png","contentUrl":"https:\/\/akademia-zdrowia.pl\/kielce\/wp-content\/uploads\/2022\/09\/308210119_534464722013101_5036615324300077633_n.png","width":1080,"height":1080},{"@type":"BreadcrumbList","@id":"https:\/\/akademia-zdrowia.pl\/kielce\/szkolenie-z-pierwszej-pomocy-dzieciom-i-niemowletom\/#breadcrumb","itemListElement":[{"@type":"ListItem","position":1,"name":"Strona g\u0142\u00f3wna","item":"https:\/\/akademia-zdrowia.pl\/kielce\/"},{"@type":"ListItem","position":2,"name":"Szkolenie z pierwszej pomocy dzieciom i niemowl\u0119tom!"}]},{"@type":"WebSite","@id":"https:\/\/akademia-zdrowia.pl\/kielce\/#website","url":"https:\/\/akademia-zdrowia.pl\/kielce\/","name":"Akademia Zdrowia Kielce","description":"Kolejna witryna oparta na WordPressie","potentialAction":[{"@type":"SearchAction","target":{"@type":"EntryPoint","urlTemplate":"https:\/\/akademia-zdrowia.pl\/kielce\/?s={search_term_string}"},"query-input":{"@type":"PropertyValueSpecification","valueRequired":true,"valueName":"search_term_string"}}],"inLanguage":"pl-PL"},{"@type":"Person","@id":"https:\/\/akademia-zdrowia.pl\/kielce\/#\/schema\/person\/50d9c5839dde13c0b30557a5c99748fc","name":"akademia","image":{"@type":"ImageObject","inLanguage":"pl-PL","@id":"https:\/\/akademia-zdrowia.pl\/kielce\/#\/schema\/person\/image\/","url":"https:\/\/secure.gravatar.com\/avatar\/e235d507e816a3791b03bc1ddb29ccb4e84d21af2b6bed898bb4b582653abd31?s=96&d=mm&r=g","contentUrl":"https:\/\/secure.gravatar.com\/avatar\/e235d507e816a3791b03bc1ddb29ccb4e84d21af2b6bed898bb4b582653abd31?s=96&d=mm&r=g","caption":"akademia"}}]}},"_links":{"self":[{"href":"https:\/\/akademia-zdrowia.pl\/kielce\/wp-json\/wp\/v2\/posts\/4137","targetHints":{"allow":["GET"]}}],"collection":[{"href":"https:\/\/akademia-zdrowia.pl\/kielce\/wp-json\/wp\/v2\/posts"}],"about":[{"href":"https:\/\/akademia-zdrowia.pl\/kielce\/wp-json\/wp\/v2\/types\/post"}],"author":[{"embeddable":true,"href":"https:\/\/akademia-zdrowia.pl\/kielce\/wp-json\/wp\/v2\/users\/3"}],"replies":[{"embeddable":true,"href":"https:\/\/akademia-zdrowia.pl\/kielce\/wp-json\/wp\/v2\/comments?post=4137"}],"version-history":[{"count":4,"href":"https:\/\/akademia-zdrowia.pl\/kielce\/wp-json\/wp\/v2\/posts\/4137\/revisions"}],"predecessor-version":[{"id":4142,"href":"https:\/\/akademia-zdrowia.pl\/kielce\/wp-json\/wp\/v2\/posts\/4137\/revisions\/4142"}],"wp:featuredmedia":[{"embeddable":true,"href":"https:\/\/akademia-zdrowia.pl\/kielce\/wp-json\/wp\/v2\/media\/4138"}],"wp:attachment":[{"href":"https:\/\/akademia-zdrowia.pl\/kielce\/wp-json\/wp\/v2\/media?parent=4137"}],"wp:term":[{"taxonomy":"category","embeddable":true,"href":"https:\/\/akademia-zdrowia.pl\/kielce\/wp-json\/wp\/v2\/categories?post=4137"},{"taxonomy":"post_tag","embeddable":true,"href":"https:\/\/akademia-zdrowia.pl\/kielce\/wp-json\/wp\/v2\/tags?post=4137"}],"curies":[{"name":"wp","href":"https:\/\/api.w.org\/{rel}","templated":true}]}}