{"id":5790,"date":"2022-12-15T15:11:36","date_gmt":"2022-12-15T14:11:36","guid":{"rendered":"https:\/\/akademia-zdrowia.pl\/kielce\/?p=5790"},"modified":"2022-12-15T15:23:30","modified_gmt":"2022-12-15T14:23:30","slug":"rozklad-kursow-na-i-i-ii-kwartal-2023-roku","status":"publish","type":"post","link":"https:\/\/akademia-zdrowia.pl\/kielce\/rozklad-kursow-na-i-i-ii-kwartal-2023-roku\/","title":{"rendered":"Rozk\u0142ad kurs\u00f3w na I i II kwarta\u0142 2023 roku!"},"content":{"rendered":"\t\t<div data-elementor-type=\"wp-post\" data-elementor-id=\"5790\" class=\"elementor elementor-5790\" data-elementor-post-type=\"post\">\n\t\t\t\t\t\t<section class=\"elementor-section elementor-top-section elementor-element elementor-element-d254a67 elementor-section-boxed elementor-section-height-default elementor-section-height-default\" data-id=\"d254a67\" data-element_type=\"section\" data-e-type=\"section\">\n\t\t\t\t\t\t<div class=\"elementor-container elementor-column-gap-default\">\n\t\t\t\t\t<div class=\"elementor-column elementor-col-100 elementor-top-column elementor-element elementor-element-2a98d28\" data-id=\"2a98d28\" data-element_type=\"column\" data-e-type=\"column\">\n\t\t\t<div class=\"elementor-widget-wrap elementor-element-populated\">\n\t\t\t\t\t\t<section class=\"elementor-section elementor-inner-section elementor-element elementor-element-363db5c elementor-section-boxed elementor-section-height-default elementor-section-height-default\" data-id=\"363db5c\" data-element_type=\"section\" data-e-type=\"section\">\n\t\t\t\t\t\t<div class=\"elementor-container elementor-column-gap-default\">\n\t\t\t\t\t<div class=\"elementor-column elementor-col-50 elementor-inner-column elementor-element elementor-element-a3b224d\" data-id=\"a3b224d\" data-element_type=\"column\" data-e-type=\"column\">\n\t\t\t<div class=\"elementor-widget-wrap elementor-element-populated\">\n\t\t\t\t\t\t<div class=\"elementor-element elementor-element-34eebcb elementor-widget elementor-widget-image\" data-id=\"34eebcb\" data-element_type=\"widget\" data-e-type=\"widget\" data-widget_type=\"image.default\">\n\t\t\t\t<div class=\"elementor-widget-container\">\n\t\t\t\t\t\t\t\t\t\t\t\t\t\t\t<img fetchpriority=\"high\" decoding=\"async\" width=\"640\" height=\"905\" src=\"https:\/\/akademia-zdrowia.pl\/kielce\/wp-content\/uploads\/2022\/12\/2-2-724x1024.png\" class=\"attachment-large size-large wp-image-5791\" alt=\"\" srcset=\"https:\/\/akademia-zdrowia.pl\/kielce\/wp-content\/uploads\/2022\/12\/2-2-724x1024.png 724w, https:\/\/akademia-zdrowia.pl\/kielce\/wp-content\/uploads\/2022\/12\/2-2-212x300.png 212w, https:\/\/akademia-zdrowia.pl\/kielce\/wp-content\/uploads\/2022\/12\/2-2-768x1086.png 768w, https:\/\/akademia-zdrowia.pl\/kielce\/wp-content\/uploads\/2022\/12\/2-2-1086x1536.png 1086w, https:\/\/akademia-zdrowia.pl\/kielce\/wp-content\/uploads\/2022\/12\/2-2-500x707.png 500w, https:\/\/akademia-zdrowia.pl\/kielce\/wp-content\/uploads\/2022\/12\/2-2-1320x1867.png 1320w, https:\/\/akademia-zdrowia.pl\/kielce\/wp-content\/uploads\/2022\/12\/2-2.png 1414w\" sizes=\"(max-width: 640px) 100vw, 640px\" \/>\t\t\t\t\t\t\t\t\t\t\t\t\t\t\t<\/div>\n\t\t\t\t<\/div>\n\t\t\t\t\t<\/div>\n\t\t<\/div>\n\t\t\t\t<div class=\"elementor-column elementor-col-50 elementor-inner-column elementor-element elementor-element-ace6eb3\" data-id=\"ace6eb3\" data-element_type=\"column\" data-e-type=\"column\">\n\t\t\t<div class=\"elementor-widget-wrap elementor-element-populated\">\n\t\t\t\t\t\t<div class=\"elementor-element elementor-element-7813423 elementor-widget elementor-widget-image\" data-id=\"7813423\" data-element_type=\"widget\" data-e-type=\"widget\" data-widget_type=\"image.default\">\n\t\t\t\t<div class=\"elementor-widget-container\">\n\t\t\t\t\t\t\t\t\t\t\t\t\t\t\t<img decoding=\"async\" width=\"640\" height=\"905\" src=\"https:\/\/akademia-zdrowia.pl\/kielce\/wp-content\/uploads\/2022\/12\/3-724x1024.png\" class=\"attachment-large size-large wp-image-5793\" alt=\"\" srcset=\"https:\/\/akademia-zdrowia.pl\/kielce\/wp-content\/uploads\/2022\/12\/3-724x1024.png 724w, https:\/\/akademia-zdrowia.pl\/kielce\/wp-content\/uploads\/2022\/12\/3-212x300.png 212w, https:\/\/akademia-zdrowia.pl\/kielce\/wp-content\/uploads\/2022\/12\/3-768x1086.png 768w, https:\/\/akademia-zdrowia.pl\/kielce\/wp-content\/uploads\/2022\/12\/3-1086x1536.png 1086w, https:\/\/akademia-zdrowia.pl\/kielce\/wp-content\/uploads\/2022\/12\/3-500x707.png 500w, https:\/\/akademia-zdrowia.pl\/kielce\/wp-content\/uploads\/2022\/12\/3-1320x1867.png 1320w, https:\/\/akademia-zdrowia.pl\/kielce\/wp-content\/uploads\/2022\/12\/3.png 1414w\" sizes=\"(max-width: 640px) 100vw, 640px\" \/>\t\t\t\t\t\t\t\t\t\t\t\t\t\t\t<\/div>\n\t\t\t\t<\/div>\n\t\t\t\t\t<\/div>\n\t\t<\/div>\n\t\t\t\t\t<\/div>\n\t\t<\/section>\n\t\t\t\t\t<\/div>\n\t\t<\/div>\n\t\t\t\t\t<\/div>\n\t\t<\/section>\n\t\t\t\t<\/div>\n\t\t","protected":false},"excerpt":{"rendered":"<p>AKADEMIA ZDROWIA ZAPRASZA DO ZAPOZNANIA SI\u0118 Z OFERT\u0104 KURS\u00d3W\u00a0<\/p>\n","protected":false},"author":3,"featured_media":5791,"comment_status":"open","ping_status":"open","sticky":false,"template":"","format":"standard","meta":{"footnotes":""},"categories":[1],"tags":[],"class_list":["post-5790","post","type-post","status-publish","format-standard","has-post-thumbnail","hentry","category-bez-kategorii"],"yoast_head":"<!-- This site is optimized with the Yoast SEO plugin v26.9 - https:\/\/yoast.com\/product\/yoast-seo-wordpress\/ -->\n<title>Rozk\u0142ad kurs\u00f3w na I i II kwarta\u0142 2023 roku! - Akademia Zdrowia Kielce<\/title>\n<meta name=\"robots\" content=\"index, follow, max-snippet:-1, max-image-preview:large, max-video-preview:-1\" \/>\n<link rel=\"canonical\" href=\"https:\/\/akademia-zdrowia.pl\/kielce\/rozklad-kursow-na-i-i-ii-kwartal-2023-roku\/\" \/>\n<meta property=\"og:locale\" content=\"pl_PL\" \/>\n<meta property=\"og:type\" content=\"article\" \/>\n<meta property=\"og:title\" content=\"Rozk\u0142ad kurs\u00f3w na I i II kwarta\u0142 2023 roku! - Akademia Zdrowia Kielce\" \/>\n<meta property=\"og:description\" content=\"AKADEMIA ZDROWIA ZAPRASZA DO ZAPOZNANIA SI\u0118 Z OFERT\u0104 KURS\u00d3W\u00a0\" \/>\n<meta property=\"og:url\" content=\"https:\/\/akademia-zdrowia.pl\/kielce\/rozklad-kursow-na-i-i-ii-kwartal-2023-roku\/\" \/>\n<meta property=\"og:site_name\" content=\"Akademia Zdrowia Kielce\" \/>\n<meta property=\"article:published_time\" content=\"2022-12-15T14:11:36+00:00\" \/>\n<meta property=\"article:modified_time\" content=\"2022-12-15T14:23:30+00:00\" \/>\n<meta property=\"og:image\" content=\"https:\/\/akademia-zdrowia.pl\/kielce\/wp-content\/uploads\/2022\/12\/2-2.png\" \/>\n\t<meta property=\"og:image:width\" content=\"1414\" \/>\n\t<meta property=\"og:image:height\" content=\"2000\" \/>\n\t<meta property=\"og:image:type\" content=\"image\/png\" \/>\n<meta name=\"author\" content=\"akademia\" \/>\n<meta name=\"twitter:card\" content=\"summary_large_image\" \/>\n<meta name=\"twitter:label1\" content=\"Napisane przez\" \/>\n\t<meta name=\"twitter:data1\" content=\"akademia\" \/>\n\t<meta name=\"twitter:label2\" content=\"Szacowany czas czytania\" \/>\n\t<meta name=\"twitter:data2\" content=\"1 minuta\" \/>\n<script type=\"application\/ld+json\" class=\"yoast-schema-graph\">{\"@context\":\"https:\/\/schema.org\",\"@graph\":[{\"@type\":\"Article\",\"@id\":\"https:\/\/akademia-zdrowia.pl\/kielce\/rozklad-kursow-na-i-i-ii-kwartal-2023-roku\/#article\",\"isPartOf\":{\"@id\":\"https:\/\/akademia-zdrowia.pl\/kielce\/rozklad-kursow-na-i-i-ii-kwartal-2023-roku\/\"},\"author\":{\"name\":\"akademia\",\"@id\":\"https:\/\/akademia-zdrowia.pl\/kielce\/#\/schema\/person\/50d9c5839dde13c0b30557a5c99748fc\"},\"headline\":\"Rozk\u0142ad kurs\u00f3w na I i II kwarta\u0142 2023 roku!\",\"datePublished\":\"2022-12-15T14:11:36+00:00\",\"dateModified\":\"2022-12-15T14:23:30+00:00\",\"mainEntityOfPage\":{\"@id\":\"https:\/\/akademia-zdrowia.pl\/kielce\/rozklad-kursow-na-i-i-ii-kwartal-2023-roku\/\"},\"wordCount\":20,\"commentCount\":0,\"image\":{\"@id\":\"https:\/\/akademia-zdrowia.pl\/kielce\/rozklad-kursow-na-i-i-ii-kwartal-2023-roku\/#primaryimage\"},\"thumbnailUrl\":\"https:\/\/akademia-zdrowia.pl\/kielce\/wp-content\/uploads\/2022\/12\/2-2.png\",\"inLanguage\":\"pl-PL\",\"potentialAction\":[{\"@type\":\"CommentAction\",\"name\":\"Comment\",\"target\":[\"https:\/\/akademia-zdrowia.pl\/kielce\/rozklad-kursow-na-i-i-ii-kwartal-2023-roku\/#respond\"]}]},{\"@type\":\"WebPage\",\"@id\":\"https:\/\/akademia-zdrowia.pl\/kielce\/rozklad-kursow-na-i-i-ii-kwartal-2023-roku\/\",\"url\":\"https:\/\/akademia-zdrowia.pl\/kielce\/rozklad-kursow-na-i-i-ii-kwartal-2023-roku\/\",\"name\":\"Rozk\u0142ad kurs\u00f3w na I i II kwarta\u0142 2023 roku! - Akademia Zdrowia Kielce\",\"isPartOf\":{\"@id\":\"https:\/\/akademia-zdrowia.pl\/kielce\/#website\"},\"primaryImageOfPage\":{\"@id\":\"https:\/\/akademia-zdrowia.pl\/kielce\/rozklad-kursow-na-i-i-ii-kwartal-2023-roku\/#primaryimage\"},\"image\":{\"@id\":\"https:\/\/akademia-zdrowia.pl\/kielce\/rozklad-kursow-na-i-i-ii-kwartal-2023-roku\/#primaryimage\"},\"thumbnailUrl\":\"https:\/\/akademia-zdrowia.pl\/kielce\/wp-content\/uploads\/2022\/12\/2-2.png\",\"datePublished\":\"2022-12-15T14:11:36+00:00\",\"dateModified\":\"2022-12-15T14:23:30+00:00\",\"author\":{\"@id\":\"https:\/\/akademia-zdrowia.pl\/kielce\/#\/schema\/person\/50d9c5839dde13c0b30557a5c99748fc\"},\"breadcrumb\":{\"@id\":\"https:\/\/akademia-zdrowia.pl\/kielce\/rozklad-kursow-na-i-i-ii-kwartal-2023-roku\/#breadcrumb\"},\"inLanguage\":\"pl-PL\",\"potentialAction\":[{\"@type\":\"ReadAction\",\"target\":[\"https:\/\/akademia-zdrowia.pl\/kielce\/rozklad-kursow-na-i-i-ii-kwartal-2023-roku\/\"]}]},{\"@type\":\"ImageObject\",\"inLanguage\":\"pl-PL\",\"@id\":\"https:\/\/akademia-zdrowia.pl\/kielce\/rozklad-kursow-na-i-i-ii-kwartal-2023-roku\/#primaryimage\",\"url\":\"https:\/\/akademia-zdrowia.pl\/kielce\/wp-content\/uploads\/2022\/12\/2-2.png\",\"contentUrl\":\"https:\/\/akademia-zdrowia.pl\/kielce\/wp-content\/uploads\/2022\/12\/2-2.png\",\"width\":1414,\"height\":2000},{\"@type\":\"BreadcrumbList\",\"@id\":\"https:\/\/akademia-zdrowia.pl\/kielce\/rozklad-kursow-na-i-i-ii-kwartal-2023-roku\/#breadcrumb\",\"itemListElement\":[{\"@type\":\"ListItem\",\"position\":1,\"name\":\"Strona g\u0142\u00f3wna\",\"item\":\"https:\/\/akademia-zdrowia.pl\/kielce\/\"},{\"@type\":\"ListItem\",\"position\":2,\"name\":\"Rozk\u0142ad kurs\u00f3w na I i II kwarta\u0142 2023 roku!\"}]},{\"@type\":\"WebSite\",\"@id\":\"https:\/\/akademia-zdrowia.pl\/kielce\/#website\",\"url\":\"https:\/\/akademia-zdrowia.pl\/kielce\/\",\"name\":\"Akademia Zdrowia Kielce\",\"description\":\"Kolejna witryna oparta na WordPressie\",\"potentialAction\":[{\"@type\":\"SearchAction\",\"target\":{\"@type\":\"EntryPoint\",\"urlTemplate\":\"https:\/\/akademia-zdrowia.pl\/kielce\/?s={search_term_string}\"},\"query-input\":{\"@type\":\"PropertyValueSpecification\",\"valueRequired\":true,\"valueName\":\"search_term_string\"}}],\"inLanguage\":\"pl-PL\"},{\"@type\":\"Person\",\"@id\":\"https:\/\/akademia-zdrowia.pl\/kielce\/#\/schema\/person\/50d9c5839dde13c0b30557a5c99748fc\",\"name\":\"akademia\",\"image\":{\"@type\":\"ImageObject\",\"inLanguage\":\"pl-PL\",\"@id\":\"https:\/\/akademia-zdrowia.pl\/kielce\/#\/schema\/person\/image\/\",\"url\":\"https:\/\/secure.gravatar.com\/avatar\/e235d507e816a3791b03bc1ddb29ccb4e84d21af2b6bed898bb4b582653abd31?s=96&d=mm&r=g\",\"contentUrl\":\"https:\/\/secure.gravatar.com\/avatar\/e235d507e816a3791b03bc1ddb29ccb4e84d21af2b6bed898bb4b582653abd31?s=96&d=mm&r=g\",\"caption\":\"akademia\"}}]}<\/script>\n<!-- \/ Yoast SEO plugin. -->","yoast_head_json":{"title":"Rozk\u0142ad kurs\u00f3w na I i II kwarta\u0142 2023 roku! - Akademia Zdrowia Kielce","robots":{"index":"index","follow":"follow","max-snippet":"max-snippet:-1","max-image-preview":"max-image-preview:large","max-video-preview":"max-video-preview:-1"},"canonical":"https:\/\/akademia-zdrowia.pl\/kielce\/rozklad-kursow-na-i-i-ii-kwartal-2023-roku\/","og_locale":"pl_PL","og_type":"article","og_title":"Rozk\u0142ad kurs\u00f3w na I i II kwarta\u0142 2023 roku! - Akademia Zdrowia Kielce","og_description":"AKADEMIA ZDROWIA ZAPRASZA DO ZAPOZNANIA SI\u0118 Z OFERT\u0104 KURS\u00d3W\u00a0","og_url":"https:\/\/akademia-zdrowia.pl\/kielce\/rozklad-kursow-na-i-i-ii-kwartal-2023-roku\/","og_site_name":"Akademia Zdrowia Kielce","article_published_time":"2022-12-15T14:11:36+00:00","article_modified_time":"2022-12-15T14:23:30+00:00","og_image":[{"width":1414,"height":2000,"url":"https:\/\/akademia-zdrowia.pl\/kielce\/wp-content\/uploads\/2022\/12\/2-2.png","type":"image\/png"}],"author":"akademia","twitter_card":"summary_large_image","twitter_misc":{"Napisane przez":"akademia","Szacowany czas czytania":"1 minuta"},"schema":{"@context":"https:\/\/schema.org","@graph":[{"@type":"Article","@id":"https:\/\/akademia-zdrowia.pl\/kielce\/rozklad-kursow-na-i-i-ii-kwartal-2023-roku\/#article","isPartOf":{"@id":"https:\/\/akademia-zdrowia.pl\/kielce\/rozklad-kursow-na-i-i-ii-kwartal-2023-roku\/"},"author":{"name":"akademia","@id":"https:\/\/akademia-zdrowia.pl\/kielce\/#\/schema\/person\/50d9c5839dde13c0b30557a5c99748fc"},"headline":"Rozk\u0142ad kurs\u00f3w na I i II kwarta\u0142 2023 roku!","datePublished":"2022-12-15T14:11:36+00:00","dateModified":"2022-12-15T14:23:30+00:00","mainEntityOfPage":{"@id":"https:\/\/akademia-zdrowia.pl\/kielce\/rozklad-kursow-na-i-i-ii-kwartal-2023-roku\/"},"wordCount":20,"commentCount":0,"image":{"@id":"https:\/\/akademia-zdrowia.pl\/kielce\/rozklad-kursow-na-i-i-ii-kwartal-2023-roku\/#primaryimage"},"thumbnailUrl":"https:\/\/akademia-zdrowia.pl\/kielce\/wp-content\/uploads\/2022\/12\/2-2.png","inLanguage":"pl-PL","potentialAction":[{"@type":"CommentAction","name":"Comment","target":["https:\/\/akademia-zdrowia.pl\/kielce\/rozklad-kursow-na-i-i-ii-kwartal-2023-roku\/#respond"]}]},{"@type":"WebPage","@id":"https:\/\/akademia-zdrowia.pl\/kielce\/rozklad-kursow-na-i-i-ii-kwartal-2023-roku\/","url":"https:\/\/akademia-zdrowia.pl\/kielce\/rozklad-kursow-na-i-i-ii-kwartal-2023-roku\/","name":"Rozk\u0142ad kurs\u00f3w na I i II kwarta\u0142 2023 roku! - Akademia Zdrowia Kielce","isPartOf":{"@id":"https:\/\/akademia-zdrowia.pl\/kielce\/#website"},"primaryImageOfPage":{"@id":"https:\/\/akademia-zdrowia.pl\/kielce\/rozklad-kursow-na-i-i-ii-kwartal-2023-roku\/#primaryimage"},"image":{"@id":"https:\/\/akademia-zdrowia.pl\/kielce\/rozklad-kursow-na-i-i-ii-kwartal-2023-roku\/#primaryimage"},"thumbnailUrl":"https:\/\/akademia-zdrowia.pl\/kielce\/wp-content\/uploads\/2022\/12\/2-2.png","datePublished":"2022-12-15T14:11:36+00:00","dateModified":"2022-12-15T14:23:30+00:00","author":{"@id":"https:\/\/akademia-zdrowia.pl\/kielce\/#\/schema\/person\/50d9c5839dde13c0b30557a5c99748fc"},"breadcrumb":{"@id":"https:\/\/akademia-zdrowia.pl\/kielce\/rozklad-kursow-na-i-i-ii-kwartal-2023-roku\/#breadcrumb"},"inLanguage":"pl-PL","potentialAction":[{"@type":"ReadAction","target":["https:\/\/akademia-zdrowia.pl\/kielce\/rozklad-kursow-na-i-i-ii-kwartal-2023-roku\/"]}]},{"@type":"ImageObject","inLanguage":"pl-PL","@id":"https:\/\/akademia-zdrowia.pl\/kielce\/rozklad-kursow-na-i-i-ii-kwartal-2023-roku\/#primaryimage","url":"https:\/\/akademia-zdrowia.pl\/kielce\/wp-content\/uploads\/2022\/12\/2-2.png","contentUrl":"https:\/\/akademia-zdrowia.pl\/kielce\/wp-content\/uploads\/2022\/12\/2-2.png","width":1414,"height":2000},{"@type":"BreadcrumbList","@id":"https:\/\/akademia-zdrowia.pl\/kielce\/rozklad-kursow-na-i-i-ii-kwartal-2023-roku\/#breadcrumb","itemListElement":[{"@type":"ListItem","position":1,"name":"Strona g\u0142\u00f3wna","item":"https:\/\/akademia-zdrowia.pl\/kielce\/"},{"@type":"ListItem","position":2,"name":"Rozk\u0142ad kurs\u00f3w na I i II kwarta\u0142 2023 roku!"}]},{"@type":"WebSite","@id":"https:\/\/akademia-zdrowia.pl\/kielce\/#website","url":"https:\/\/akademia-zdrowia.pl\/kielce\/","name":"Akademia Zdrowia Kielce","description":"Kolejna witryna oparta na WordPressie","potentialAction":[{"@type":"SearchAction","target":{"@type":"EntryPoint","urlTemplate":"https:\/\/akademia-zdrowia.pl\/kielce\/?s={search_term_string}"},"query-input":{"@type":"PropertyValueSpecification","valueRequired":true,"valueName":"search_term_string"}}],"inLanguage":"pl-PL"},{"@type":"Person","@id":"https:\/\/akademia-zdrowia.pl\/kielce\/#\/schema\/person\/50d9c5839dde13c0b30557a5c99748fc","name":"akademia","image":{"@type":"ImageObject","inLanguage":"pl-PL","@id":"https:\/\/akademia-zdrowia.pl\/kielce\/#\/schema\/person\/image\/","url":"https:\/\/secure.gravatar.com\/avatar\/e235d507e816a3791b03bc1ddb29ccb4e84d21af2b6bed898bb4b582653abd31?s=96&d=mm&r=g","contentUrl":"https:\/\/secure.gravatar.com\/avatar\/e235d507e816a3791b03bc1ddb29ccb4e84d21af2b6bed898bb4b582653abd31?s=96&d=mm&r=g","caption":"akademia"}}]}},"_links":{"self":[{"href":"https:\/\/akademia-zdrowia.pl\/kielce\/wp-json\/wp\/v2\/posts\/5790","targetHints":{"allow":["GET"]}}],"collection":[{"href":"https:\/\/akademia-zdrowia.pl\/kielce\/wp-json\/wp\/v2\/posts"}],"about":[{"href":"https:\/\/akademia-zdrowia.pl\/kielce\/wp-json\/wp\/v2\/types\/post"}],"author":[{"embeddable":true,"href":"https:\/\/akademia-zdrowia.pl\/kielce\/wp-json\/wp\/v2\/users\/3"}],"replies":[{"embeddable":true,"href":"https:\/\/akademia-zdrowia.pl\/kielce\/wp-json\/wp\/v2\/comments?post=5790"}],"version-history":[{"count":7,"href":"https:\/\/akademia-zdrowia.pl\/kielce\/wp-json\/wp\/v2\/posts\/5790\/revisions"}],"predecessor-version":[{"id":5805,"href":"https:\/\/akademia-zdrowia.pl\/kielce\/wp-json\/wp\/v2\/posts\/5790\/revisions\/5805"}],"wp:featuredmedia":[{"embeddable":true,"href":"https:\/\/akademia-zdrowia.pl\/kielce\/wp-json\/wp\/v2\/media\/5791"}],"wp:attachment":[{"href":"https:\/\/akademia-zdrowia.pl\/kielce\/wp-json\/wp\/v2\/media?parent=5790"}],"wp:term":[{"taxonomy":"category","embeddable":true,"href":"https:\/\/akademia-zdrowia.pl\/kielce\/wp-json\/wp\/v2\/categories?post=5790"},{"taxonomy":"post_tag","embeddable":true,"href":"https:\/\/akademia-zdrowia.pl\/kielce\/wp-json\/wp\/v2\/tags?post=5790"}],"curies":[{"name":"wp","href":"https:\/\/api.w.org\/{rel}","templated":true}]}}