{"id":5828,"date":"2023-01-09T12:31:36","date_gmt":"2023-01-09T11:31:36","guid":{"rendered":"https:\/\/akademia-zdrowia.pl\/kielce\/?p=5828"},"modified":"2023-01-10T09:30:44","modified_gmt":"2023-01-10T08:30:44","slug":"nabor-wiosenny-na-specjalizacje-2","status":"publish","type":"post","link":"https:\/\/akademia-zdrowia.pl\/kielce\/nabor-wiosenny-na-specjalizacje-2\/","title":{"rendered":"Nab\u00f3r wiosenny na specjalizacje!"},"content":{"rendered":"\t\t<div data-elementor-type=\"wp-post\" data-elementor-id=\"5828\" class=\"elementor elementor-5828\" data-elementor-post-type=\"post\">\n\t\t\t\t\t\t<section class=\"elementor-section elementor-top-section elementor-element elementor-element-8390688 elementor-section-boxed elementor-section-height-default elementor-section-height-default\" data-id=\"8390688\" data-element_type=\"section\" data-e-type=\"section\">\n\t\t\t\t\t\t<div class=\"elementor-container elementor-column-gap-default\">\n\t\t\t\t\t<div class=\"elementor-column elementor-col-100 elementor-top-column elementor-element elementor-element-40c3c0e\" data-id=\"40c3c0e\" data-element_type=\"column\" data-e-type=\"column\">\n\t\t\t<div class=\"elementor-widget-wrap elementor-element-populated\">\n\t\t\t\t\t\t<section class=\"elementor-section elementor-inner-section elementor-element elementor-element-7ed9b10 elementor-section-boxed elementor-section-height-default elementor-section-height-default\" data-id=\"7ed9b10\" data-element_type=\"section\" data-e-type=\"section\">\n\t\t\t\t\t\t<div class=\"elementor-container elementor-column-gap-default\">\n\t\t\t\t\t<div class=\"elementor-column elementor-col-50 elementor-inner-column elementor-element elementor-element-6e06580\" data-id=\"6e06580\" data-element_type=\"column\" data-e-type=\"column\">\n\t\t\t<div class=\"elementor-widget-wrap elementor-element-populated\">\n\t\t\t\t\t\t<div class=\"elementor-element elementor-element-40b2922 elementor-widget elementor-widget-image\" data-id=\"40b2922\" data-element_type=\"widget\" data-e-type=\"widget\" data-widget_type=\"image.default\">\n\t\t\t\t<div class=\"elementor-widget-container\">\n\t\t\t\t\t\t\t\t\t\t\t\t\t\t\t<img fetchpriority=\"high\" decoding=\"async\" width=\"640\" height=\"905\" src=\"https:\/\/akademia-zdrowia.pl\/kielce\/wp-content\/uploads\/2023\/01\/1-2-724x1024.png\" class=\"attachment-large size-large wp-image-5829\" alt=\"\" srcset=\"https:\/\/akademia-zdrowia.pl\/kielce\/wp-content\/uploads\/2023\/01\/1-2-724x1024.png 724w, https:\/\/akademia-zdrowia.pl\/kielce\/wp-content\/uploads\/2023\/01\/1-2-212x300.png 212w, https:\/\/akademia-zdrowia.pl\/kielce\/wp-content\/uploads\/2023\/01\/1-2-768x1086.png 768w, https:\/\/akademia-zdrowia.pl\/kielce\/wp-content\/uploads\/2023\/01\/1-2-1086x1536.png 1086w, https:\/\/akademia-zdrowia.pl\/kielce\/wp-content\/uploads\/2023\/01\/1-2-500x707.png 500w, https:\/\/akademia-zdrowia.pl\/kielce\/wp-content\/uploads\/2023\/01\/1-2-1320x1867.png 1320w, https:\/\/akademia-zdrowia.pl\/kielce\/wp-content\/uploads\/2023\/01\/1-2.png 1414w\" sizes=\"(max-width: 640px) 100vw, 640px\" \/>\t\t\t\t\t\t\t\t\t\t\t\t\t\t\t<\/div>\n\t\t\t\t<\/div>\n\t\t\t\t\t<\/div>\n\t\t<\/div>\n\t\t\t\t<div class=\"elementor-column elementor-col-50 elementor-inner-column elementor-element elementor-element-151ca83\" data-id=\"151ca83\" data-element_type=\"column\" data-e-type=\"column\">\n\t\t\t<div class=\"elementor-widget-wrap elementor-element-populated\">\n\t\t\t\t\t\t<div class=\"elementor-element elementor-element-2647edf elementor-widget elementor-widget-image\" data-id=\"2647edf\" data-element_type=\"widget\" data-e-type=\"widget\" data-widget_type=\"image.default\">\n\t\t\t\t<div class=\"elementor-widget-container\">\n\t\t\t\t\t\t\t\t\t\t\t\t\t\t\t<img decoding=\"async\" width=\"640\" height=\"905\" src=\"https:\/\/akademia-zdrowia.pl\/kielce\/wp-content\/uploads\/2023\/01\/2-3-724x1024.png\" class=\"attachment-large size-large wp-image-5839\" alt=\"\" srcset=\"https:\/\/akademia-zdrowia.pl\/kielce\/wp-content\/uploads\/2023\/01\/2-3-724x1024.png 724w, https:\/\/akademia-zdrowia.pl\/kielce\/wp-content\/uploads\/2023\/01\/2-3-212x300.png 212w, https:\/\/akademia-zdrowia.pl\/kielce\/wp-content\/uploads\/2023\/01\/2-3-768x1086.png 768w, https:\/\/akademia-zdrowia.pl\/kielce\/wp-content\/uploads\/2023\/01\/2-3-1086x1536.png 1086w, https:\/\/akademia-zdrowia.pl\/kielce\/wp-content\/uploads\/2023\/01\/2-3-500x707.png 500w, https:\/\/akademia-zdrowia.pl\/kielce\/wp-content\/uploads\/2023\/01\/2-3-1320x1867.png 1320w, https:\/\/akademia-zdrowia.pl\/kielce\/wp-content\/uploads\/2023\/01\/2-3.png 1414w\" sizes=\"(max-width: 640px) 100vw, 640px\" \/>\t\t\t\t\t\t\t\t\t\t\t\t\t\t\t<\/div>\n\t\t\t\t<\/div>\n\t\t\t\t\t<\/div>\n\t\t<\/div>\n\t\t\t\t\t<\/div>\n\t\t<\/section>\n\t\t\t\t<div class=\"elementor-element elementor-element-c6f8745 elementor-widget elementor-widget-text-editor\" data-id=\"c6f8745\" data-element_type=\"widget\" data-e-type=\"widget\" data-widget_type=\"text-editor.default\">\n\t\t\t\t<div class=\"elementor-widget-container\">\n\t\t\t\t\t\t\t\t\t<p>Aby wniosek o zakwalifikowanie na specjalizacj\u0119 zosta\u0142 przyj\u0119ty, nale\u017cy za\u0142\u0105czy\u0107 w systemie SMK potwierdzenie sta\u017cu pracy min. 2 lata (w przeci\u0105gu ostatnich \u00a0pi\u0119ciu lat).<br \/><b>Wnioski bez tego dokumentu b\u0119d\u0105 odrzucane.<\/b><\/p><div class=\"v1elementor-container v1elementor-column-gap-default\"><div class=\"v1elementor-column v1elementor-col-100 v1elementor-top-column v1elementor-element v1elementor-element-5c1c54b\"><div class=\"v1elementor-widget-wrap v1elementor-element-populated\"><div class=\"v1elementor-element v1elementor-element-fba359d v1elementor-widget v1elementor-widget-text-editor\"><div class=\"v1elementor-widget-container\"><div class=\"v1v1x11i5rnm v1v1xat24cr v1v1x1mh8g0r v1v1x1vvkbs v1v1xtlvy1s v1v1x126k92a\">W celu uzyskania szczeg\u00f3\u0142owych informacji, skontaktuj si\u0119 z naszym oddzia\u0142em w Kielcach \u00a0&#8211; sekretariat \u2013 tel. 41 368 00 66<\/div><\/div><\/div><\/div><\/div><\/div>\t\t\t\t\t\t\t\t<\/div>\n\t\t\t\t<\/div>\n\t\t\t\t\t<\/div>\n\t\t<\/div>\n\t\t\t\t\t<\/div>\n\t\t<\/section>\n\t\t\t\t<\/div>\n\t\t","protected":false},"excerpt":{"rendered":"<p>Aby wniosek o zakwalifikowanie na specjalizacj\u0119 zosta\u0142 przyj\u0119ty, nale\u017cy za\u0142\u0105czy\u0107 w systemie SMK potwierdzenie sta\u017cu pracy min. 2 lata (w przeci\u0105gu ostatnich \u00a0pi\u0119ciu lat).Wnioski bez tego dokumentu b\u0119d\u0105 odrzucane. W celu uzyskania szczeg\u00f3\u0142owych informacji, skontaktuj si\u0119 z naszym oddzia\u0142em w Kielcach \u00a0&#8211; sekretariat \u2013 tel. 41 368 00 66<\/p>\n","protected":false},"author":3,"featured_media":5829,"comment_status":"open","ping_status":"open","sticky":false,"template":"","format":"standard","meta":{"footnotes":""},"categories":[1],"tags":[],"class_list":["post-5828","post","type-post","status-publish","format-standard","has-post-thumbnail","hentry","category-bez-kategorii"],"yoast_head":"<!-- This site is optimized with the Yoast SEO plugin v26.9 - https:\/\/yoast.com\/product\/yoast-seo-wordpress\/ -->\n<title>Nab\u00f3r wiosenny na specjalizacje! - Akademia Zdrowia Kielce<\/title>\n<meta name=\"robots\" content=\"index, follow, max-snippet:-1, max-image-preview:large, max-video-preview:-1\" \/>\n<link rel=\"canonical\" href=\"https:\/\/akademia-zdrowia.pl\/kielce\/nabor-wiosenny-na-specjalizacje-2\/\" \/>\n<meta property=\"og:locale\" content=\"pl_PL\" \/>\n<meta property=\"og:type\" content=\"article\" \/>\n<meta property=\"og:title\" content=\"Nab\u00f3r wiosenny na specjalizacje! - Akademia Zdrowia Kielce\" \/>\n<meta property=\"og:description\" content=\"Aby wniosek o zakwalifikowanie na specjalizacj\u0119 zosta\u0142 przyj\u0119ty, nale\u017cy za\u0142\u0105czy\u0107 w systemie SMK potwierdzenie sta\u017cu pracy min. 2 lata (w przeci\u0105gu ostatnich \u00a0pi\u0119ciu lat).Wnioski bez tego dokumentu b\u0119d\u0105 odrzucane. W celu uzyskania szczeg\u00f3\u0142owych informacji, skontaktuj si\u0119 z naszym oddzia\u0142em w Kielcach \u00a0&#8211; sekretariat \u2013 tel. 41 368 00 66\" \/>\n<meta property=\"og:url\" content=\"https:\/\/akademia-zdrowia.pl\/kielce\/nabor-wiosenny-na-specjalizacje-2\/\" \/>\n<meta property=\"og:site_name\" content=\"Akademia Zdrowia Kielce\" \/>\n<meta property=\"article:published_time\" content=\"2023-01-09T11:31:36+00:00\" \/>\n<meta property=\"article:modified_time\" content=\"2023-01-10T08:30:44+00:00\" \/>\n<meta property=\"og:image\" content=\"https:\/\/akademia-zdrowia.pl\/kielce\/wp-content\/uploads\/2023\/01\/1-2.png\" \/>\n\t<meta property=\"og:image:width\" content=\"1414\" \/>\n\t<meta property=\"og:image:height\" content=\"2000\" \/>\n\t<meta property=\"og:image:type\" content=\"image\/png\" \/>\n<meta name=\"author\" content=\"akademia\" \/>\n<meta name=\"twitter:card\" content=\"summary_large_image\" \/>\n<meta name=\"twitter:label1\" content=\"Napisane przez\" \/>\n\t<meta name=\"twitter:data1\" content=\"akademia\" \/>\n\t<meta name=\"twitter:label2\" content=\"Szacowany czas czytania\" \/>\n\t<meta name=\"twitter:data2\" content=\"1 minuta\" \/>\n<script type=\"application\/ld+json\" class=\"yoast-schema-graph\">{\"@context\":\"https:\/\/schema.org\",\"@graph\":[{\"@type\":\"Article\",\"@id\":\"https:\/\/akademia-zdrowia.pl\/kielce\/nabor-wiosenny-na-specjalizacje-2\/#article\",\"isPartOf\":{\"@id\":\"https:\/\/akademia-zdrowia.pl\/kielce\/nabor-wiosenny-na-specjalizacje-2\/\"},\"author\":{\"name\":\"akademia\",\"@id\":\"https:\/\/akademia-zdrowia.pl\/kielce\/#\/schema\/person\/50d9c5839dde13c0b30557a5c99748fc\"},\"headline\":\"Nab\u00f3r wiosenny na specjalizacje!\",\"datePublished\":\"2023-01-09T11:31:36+00:00\",\"dateModified\":\"2023-01-10T08:30:44+00:00\",\"mainEntityOfPage\":{\"@id\":\"https:\/\/akademia-zdrowia.pl\/kielce\/nabor-wiosenny-na-specjalizacje-2\/\"},\"wordCount\":58,\"commentCount\":0,\"image\":{\"@id\":\"https:\/\/akademia-zdrowia.pl\/kielce\/nabor-wiosenny-na-specjalizacje-2\/#primaryimage\"},\"thumbnailUrl\":\"https:\/\/akademia-zdrowia.pl\/kielce\/wp-content\/uploads\/2023\/01\/1-2.png\",\"inLanguage\":\"pl-PL\",\"potentialAction\":[{\"@type\":\"CommentAction\",\"name\":\"Comment\",\"target\":[\"https:\/\/akademia-zdrowia.pl\/kielce\/nabor-wiosenny-na-specjalizacje-2\/#respond\"]}]},{\"@type\":\"WebPage\",\"@id\":\"https:\/\/akademia-zdrowia.pl\/kielce\/nabor-wiosenny-na-specjalizacje-2\/\",\"url\":\"https:\/\/akademia-zdrowia.pl\/kielce\/nabor-wiosenny-na-specjalizacje-2\/\",\"name\":\"Nab\u00f3r wiosenny na specjalizacje! - Akademia Zdrowia Kielce\",\"isPartOf\":{\"@id\":\"https:\/\/akademia-zdrowia.pl\/kielce\/#website\"},\"primaryImageOfPage\":{\"@id\":\"https:\/\/akademia-zdrowia.pl\/kielce\/nabor-wiosenny-na-specjalizacje-2\/#primaryimage\"},\"image\":{\"@id\":\"https:\/\/akademia-zdrowia.pl\/kielce\/nabor-wiosenny-na-specjalizacje-2\/#primaryimage\"},\"thumbnailUrl\":\"https:\/\/akademia-zdrowia.pl\/kielce\/wp-content\/uploads\/2023\/01\/1-2.png\",\"datePublished\":\"2023-01-09T11:31:36+00:00\",\"dateModified\":\"2023-01-10T08:30:44+00:00\",\"author\":{\"@id\":\"https:\/\/akademia-zdrowia.pl\/kielce\/#\/schema\/person\/50d9c5839dde13c0b30557a5c99748fc\"},\"breadcrumb\":{\"@id\":\"https:\/\/akademia-zdrowia.pl\/kielce\/nabor-wiosenny-na-specjalizacje-2\/#breadcrumb\"},\"inLanguage\":\"pl-PL\",\"potentialAction\":[{\"@type\":\"ReadAction\",\"target\":[\"https:\/\/akademia-zdrowia.pl\/kielce\/nabor-wiosenny-na-specjalizacje-2\/\"]}]},{\"@type\":\"ImageObject\",\"inLanguage\":\"pl-PL\",\"@id\":\"https:\/\/akademia-zdrowia.pl\/kielce\/nabor-wiosenny-na-specjalizacje-2\/#primaryimage\",\"url\":\"https:\/\/akademia-zdrowia.pl\/kielce\/wp-content\/uploads\/2023\/01\/1-2.png\",\"contentUrl\":\"https:\/\/akademia-zdrowia.pl\/kielce\/wp-content\/uploads\/2023\/01\/1-2.png\",\"width\":1414,\"height\":2000},{\"@type\":\"BreadcrumbList\",\"@id\":\"https:\/\/akademia-zdrowia.pl\/kielce\/nabor-wiosenny-na-specjalizacje-2\/#breadcrumb\",\"itemListElement\":[{\"@type\":\"ListItem\",\"position\":1,\"name\":\"Strona g\u0142\u00f3wna\",\"item\":\"https:\/\/akademia-zdrowia.pl\/kielce\/\"},{\"@type\":\"ListItem\",\"position\":2,\"name\":\"Nab\u00f3r wiosenny na specjalizacje!\"}]},{\"@type\":\"WebSite\",\"@id\":\"https:\/\/akademia-zdrowia.pl\/kielce\/#website\",\"url\":\"https:\/\/akademia-zdrowia.pl\/kielce\/\",\"name\":\"Akademia Zdrowia Kielce\",\"description\":\"Kolejna witryna oparta na WordPressie\",\"potentialAction\":[{\"@type\":\"SearchAction\",\"target\":{\"@type\":\"EntryPoint\",\"urlTemplate\":\"https:\/\/akademia-zdrowia.pl\/kielce\/?s={search_term_string}\"},\"query-input\":{\"@type\":\"PropertyValueSpecification\",\"valueRequired\":true,\"valueName\":\"search_term_string\"}}],\"inLanguage\":\"pl-PL\"},{\"@type\":\"Person\",\"@id\":\"https:\/\/akademia-zdrowia.pl\/kielce\/#\/schema\/person\/50d9c5839dde13c0b30557a5c99748fc\",\"name\":\"akademia\",\"image\":{\"@type\":\"ImageObject\",\"inLanguage\":\"pl-PL\",\"@id\":\"https:\/\/akademia-zdrowia.pl\/kielce\/#\/schema\/person\/image\/\",\"url\":\"https:\/\/secure.gravatar.com\/avatar\/e235d507e816a3791b03bc1ddb29ccb4e84d21af2b6bed898bb4b582653abd31?s=96&d=mm&r=g\",\"contentUrl\":\"https:\/\/secure.gravatar.com\/avatar\/e235d507e816a3791b03bc1ddb29ccb4e84d21af2b6bed898bb4b582653abd31?s=96&d=mm&r=g\",\"caption\":\"akademia\"}}]}<\/script>\n<!-- \/ Yoast SEO plugin. -->","yoast_head_json":{"title":"Nab\u00f3r wiosenny na specjalizacje! - Akademia Zdrowia Kielce","robots":{"index":"index","follow":"follow","max-snippet":"max-snippet:-1","max-image-preview":"max-image-preview:large","max-video-preview":"max-video-preview:-1"},"canonical":"https:\/\/akademia-zdrowia.pl\/kielce\/nabor-wiosenny-na-specjalizacje-2\/","og_locale":"pl_PL","og_type":"article","og_title":"Nab\u00f3r wiosenny na specjalizacje! - Akademia Zdrowia Kielce","og_description":"Aby wniosek o zakwalifikowanie na specjalizacj\u0119 zosta\u0142 przyj\u0119ty, nale\u017cy za\u0142\u0105czy\u0107 w systemie SMK potwierdzenie sta\u017cu pracy min. 2 lata (w przeci\u0105gu ostatnich \u00a0pi\u0119ciu lat).Wnioski bez tego dokumentu b\u0119d\u0105 odrzucane. W celu uzyskania szczeg\u00f3\u0142owych informacji, skontaktuj si\u0119 z naszym oddzia\u0142em w Kielcach \u00a0&#8211; sekretariat \u2013 tel. 41 368 00 66","og_url":"https:\/\/akademia-zdrowia.pl\/kielce\/nabor-wiosenny-na-specjalizacje-2\/","og_site_name":"Akademia Zdrowia Kielce","article_published_time":"2023-01-09T11:31:36+00:00","article_modified_time":"2023-01-10T08:30:44+00:00","og_image":[{"width":1414,"height":2000,"url":"https:\/\/akademia-zdrowia.pl\/kielce\/wp-content\/uploads\/2023\/01\/1-2.png","type":"image\/png"}],"author":"akademia","twitter_card":"summary_large_image","twitter_misc":{"Napisane przez":"akademia","Szacowany czas czytania":"1 minuta"},"schema":{"@context":"https:\/\/schema.org","@graph":[{"@type":"Article","@id":"https:\/\/akademia-zdrowia.pl\/kielce\/nabor-wiosenny-na-specjalizacje-2\/#article","isPartOf":{"@id":"https:\/\/akademia-zdrowia.pl\/kielce\/nabor-wiosenny-na-specjalizacje-2\/"},"author":{"name":"akademia","@id":"https:\/\/akademia-zdrowia.pl\/kielce\/#\/schema\/person\/50d9c5839dde13c0b30557a5c99748fc"},"headline":"Nab\u00f3r wiosenny na specjalizacje!","datePublished":"2023-01-09T11:31:36+00:00","dateModified":"2023-01-10T08:30:44+00:00","mainEntityOfPage":{"@id":"https:\/\/akademia-zdrowia.pl\/kielce\/nabor-wiosenny-na-specjalizacje-2\/"},"wordCount":58,"commentCount":0,"image":{"@id":"https:\/\/akademia-zdrowia.pl\/kielce\/nabor-wiosenny-na-specjalizacje-2\/#primaryimage"},"thumbnailUrl":"https:\/\/akademia-zdrowia.pl\/kielce\/wp-content\/uploads\/2023\/01\/1-2.png","inLanguage":"pl-PL","potentialAction":[{"@type":"CommentAction","name":"Comment","target":["https:\/\/akademia-zdrowia.pl\/kielce\/nabor-wiosenny-na-specjalizacje-2\/#respond"]}]},{"@type":"WebPage","@id":"https:\/\/akademia-zdrowia.pl\/kielce\/nabor-wiosenny-na-specjalizacje-2\/","url":"https:\/\/akademia-zdrowia.pl\/kielce\/nabor-wiosenny-na-specjalizacje-2\/","name":"Nab\u00f3r wiosenny na specjalizacje! - Akademia Zdrowia Kielce","isPartOf":{"@id":"https:\/\/akademia-zdrowia.pl\/kielce\/#website"},"primaryImageOfPage":{"@id":"https:\/\/akademia-zdrowia.pl\/kielce\/nabor-wiosenny-na-specjalizacje-2\/#primaryimage"},"image":{"@id":"https:\/\/akademia-zdrowia.pl\/kielce\/nabor-wiosenny-na-specjalizacje-2\/#primaryimage"},"thumbnailUrl":"https:\/\/akademia-zdrowia.pl\/kielce\/wp-content\/uploads\/2023\/01\/1-2.png","datePublished":"2023-01-09T11:31:36+00:00","dateModified":"2023-01-10T08:30:44+00:00","author":{"@id":"https:\/\/akademia-zdrowia.pl\/kielce\/#\/schema\/person\/50d9c5839dde13c0b30557a5c99748fc"},"breadcrumb":{"@id":"https:\/\/akademia-zdrowia.pl\/kielce\/nabor-wiosenny-na-specjalizacje-2\/#breadcrumb"},"inLanguage":"pl-PL","potentialAction":[{"@type":"ReadAction","target":["https:\/\/akademia-zdrowia.pl\/kielce\/nabor-wiosenny-na-specjalizacje-2\/"]}]},{"@type":"ImageObject","inLanguage":"pl-PL","@id":"https:\/\/akademia-zdrowia.pl\/kielce\/nabor-wiosenny-na-specjalizacje-2\/#primaryimage","url":"https:\/\/akademia-zdrowia.pl\/kielce\/wp-content\/uploads\/2023\/01\/1-2.png","contentUrl":"https:\/\/akademia-zdrowia.pl\/kielce\/wp-content\/uploads\/2023\/01\/1-2.png","width":1414,"height":2000},{"@type":"BreadcrumbList","@id":"https:\/\/akademia-zdrowia.pl\/kielce\/nabor-wiosenny-na-specjalizacje-2\/#breadcrumb","itemListElement":[{"@type":"ListItem","position":1,"name":"Strona g\u0142\u00f3wna","item":"https:\/\/akademia-zdrowia.pl\/kielce\/"},{"@type":"ListItem","position":2,"name":"Nab\u00f3r wiosenny na specjalizacje!"}]},{"@type":"WebSite","@id":"https:\/\/akademia-zdrowia.pl\/kielce\/#website","url":"https:\/\/akademia-zdrowia.pl\/kielce\/","name":"Akademia Zdrowia Kielce","description":"Kolejna witryna oparta na WordPressie","potentialAction":[{"@type":"SearchAction","target":{"@type":"EntryPoint","urlTemplate":"https:\/\/akademia-zdrowia.pl\/kielce\/?s={search_term_string}"},"query-input":{"@type":"PropertyValueSpecification","valueRequired":true,"valueName":"search_term_string"}}],"inLanguage":"pl-PL"},{"@type":"Person","@id":"https:\/\/akademia-zdrowia.pl\/kielce\/#\/schema\/person\/50d9c5839dde13c0b30557a5c99748fc","name":"akademia","image":{"@type":"ImageObject","inLanguage":"pl-PL","@id":"https:\/\/akademia-zdrowia.pl\/kielce\/#\/schema\/person\/image\/","url":"https:\/\/secure.gravatar.com\/avatar\/e235d507e816a3791b03bc1ddb29ccb4e84d21af2b6bed898bb4b582653abd31?s=96&d=mm&r=g","contentUrl":"https:\/\/secure.gravatar.com\/avatar\/e235d507e816a3791b03bc1ddb29ccb4e84d21af2b6bed898bb4b582653abd31?s=96&d=mm&r=g","caption":"akademia"}}]}},"_links":{"self":[{"href":"https:\/\/akademia-zdrowia.pl\/kielce\/wp-json\/wp\/v2\/posts\/5828","targetHints":{"allow":["GET"]}}],"collection":[{"href":"https:\/\/akademia-zdrowia.pl\/kielce\/wp-json\/wp\/v2\/posts"}],"about":[{"href":"https:\/\/akademia-zdrowia.pl\/kielce\/wp-json\/wp\/v2\/types\/post"}],"author":[{"embeddable":true,"href":"https:\/\/akademia-zdrowia.pl\/kielce\/wp-json\/wp\/v2\/users\/3"}],"replies":[{"embeddable":true,"href":"https:\/\/akademia-zdrowia.pl\/kielce\/wp-json\/wp\/v2\/comments?post=5828"}],"version-history":[{"count":10,"href":"https:\/\/akademia-zdrowia.pl\/kielce\/wp-json\/wp\/v2\/posts\/5828\/revisions"}],"predecessor-version":[{"id":5864,"href":"https:\/\/akademia-zdrowia.pl\/kielce\/wp-json\/wp\/v2\/posts\/5828\/revisions\/5864"}],"wp:featuredmedia":[{"embeddable":true,"href":"https:\/\/akademia-zdrowia.pl\/kielce\/wp-json\/wp\/v2\/media\/5829"}],"wp:attachment":[{"href":"https:\/\/akademia-zdrowia.pl\/kielce\/wp-json\/wp\/v2\/media?parent=5828"}],"wp:term":[{"taxonomy":"category","embeddable":true,"href":"https:\/\/akademia-zdrowia.pl\/kielce\/wp-json\/wp\/v2\/categories?post=5828"},{"taxonomy":"post_tag","embeddable":true,"href":"https:\/\/akademia-zdrowia.pl\/kielce\/wp-json\/wp\/v2\/tags?post=5828"}],"curies":[{"name":"wp","href":"https:\/\/api.w.org\/{rel}","templated":true}]}}