{"id":5915,"date":"2023-02-28T14:47:06","date_gmt":"2023-02-28T13:47:06","guid":{"rendered":"https:\/\/akademia-zdrowia.pl\/kielce\/?p=5915"},"modified":"2023-02-28T14:48:40","modified_gmt":"2023-02-28T13:48:40","slug":"harmonogram-szkolenia","status":"publish","type":"post","link":"https:\/\/akademia-zdrowia.pl\/kielce\/harmonogram-szkolenia\/","title":{"rendered":"Harmonogram szkole\u0144"},"content":{"rendered":"\t\t<div data-elementor-type=\"wp-post\" data-elementor-id=\"5915\" class=\"elementor elementor-5915\" data-elementor-post-type=\"post\">\n\t\t\t\t\t\t<section class=\"elementor-section elementor-top-section elementor-element elementor-element-ecc6a9f elementor-section-boxed elementor-section-height-default elementor-section-height-default\" data-id=\"ecc6a9f\" data-element_type=\"section\" data-e-type=\"section\">\n\t\t\t\t\t\t<div class=\"elementor-container elementor-column-gap-default\">\n\t\t\t\t\t<div class=\"elementor-column elementor-col-100 elementor-top-column elementor-element elementor-element-a98957e\" data-id=\"a98957e\" data-element_type=\"column\" data-e-type=\"column\">\n\t\t\t<div class=\"elementor-widget-wrap elementor-element-populated\">\n\t\t\t\t\t\t<div class=\"elementor-element elementor-element-44d1a5c elementor-widget elementor-widget-image\" data-id=\"44d1a5c\" data-element_type=\"widget\" data-e-type=\"widget\" data-widget_type=\"image.default\">\n\t\t\t\t<div class=\"elementor-widget-container\">\n\t\t\t\t\t\t\t\t\t\t\t\t\t\t\t<img fetchpriority=\"high\" decoding=\"async\" width=\"640\" height=\"640\" src=\"https:\/\/akademia-zdrowia.pl\/kielce\/wp-content\/uploads\/2023\/02\/Specjalizacje-dla-pielegniarek-i-poloznych-2-1024x1024.png\" class=\"attachment-large size-large wp-image-5916\" alt=\"\" srcset=\"https:\/\/akademia-zdrowia.pl\/kielce\/wp-content\/uploads\/2023\/02\/Specjalizacje-dla-pielegniarek-i-poloznych-2-1024x1024.png 1024w, https:\/\/akademia-zdrowia.pl\/kielce\/wp-content\/uploads\/2023\/02\/Specjalizacje-dla-pielegniarek-i-poloznych-2-300x300.png 300w, https:\/\/akademia-zdrowia.pl\/kielce\/wp-content\/uploads\/2023\/02\/Specjalizacje-dla-pielegniarek-i-poloznych-2-150x150.png 150w, https:\/\/akademia-zdrowia.pl\/kielce\/wp-content\/uploads\/2023\/02\/Specjalizacje-dla-pielegniarek-i-poloznych-2-768x768.png 768w, https:\/\/akademia-zdrowia.pl\/kielce\/wp-content\/uploads\/2023\/02\/Specjalizacje-dla-pielegniarek-i-poloznych-2-500x500.png 500w, https:\/\/akademia-zdrowia.pl\/kielce\/wp-content\/uploads\/2023\/02\/Specjalizacje-dla-pielegniarek-i-poloznych-2-120x120.png 120w, https:\/\/akademia-zdrowia.pl\/kielce\/wp-content\/uploads\/2023\/02\/Specjalizacje-dla-pielegniarek-i-poloznych-2-220x220.png 220w, https:\/\/akademia-zdrowia.pl\/kielce\/wp-content\/uploads\/2023\/02\/Specjalizacje-dla-pielegniarek-i-poloznych-2-390x390.png 390w, https:\/\/akademia-zdrowia.pl\/kielce\/wp-content\/uploads\/2023\/02\/Specjalizacje-dla-pielegniarek-i-poloznych-2-1000x1000.png 1000w, https:\/\/akademia-zdrowia.pl\/kielce\/wp-content\/uploads\/2023\/02\/Specjalizacje-dla-pielegniarek-i-poloznych-2.png 1080w\" sizes=\"(max-width: 640px) 100vw, 640px\" \/>\t\t\t\t\t\t\t\t\t\t\t\t\t\t\t<\/div>\n\t\t\t\t<\/div>\n\t\t\t\t\t<\/div>\n\t\t<\/div>\n\t\t\t\t\t<\/div>\n\t\t<\/section>\n\t\t\t\t<section class=\"elementor-section elementor-top-section elementor-element elementor-element-41469da elementor-section-boxed elementor-section-height-default elementor-section-height-default\" data-id=\"41469da\" data-element_type=\"section\" data-e-type=\"section\">\n\t\t\t\t\t\t<div class=\"elementor-container elementor-column-gap-default\">\n\t\t\t\t\t<div class=\"elementor-column elementor-col-100 elementor-top-column elementor-element elementor-element-e7de76c\" data-id=\"e7de76c\" data-element_type=\"column\" data-e-type=\"column\">\n\t\t\t<div class=\"elementor-widget-wrap elementor-element-populated\">\n\t\t\t\t\t\t<div class=\"elementor-element elementor-element-9866936 elementor-widget elementor-widget-text-editor\" data-id=\"9866936\" data-element_type=\"widget\" data-e-type=\"widget\" data-widget_type=\"text-editor.default\">\n\t\t\t\t<div class=\"elementor-widget-container\">\n\t\t\t\t\t\t\t\t\t<p><strong><em>Uwaga !\u00a0<\/em><\/strong><\/p><p>Kurs kwalifikacyjny piel\u0119gniarstwa anestezjologicznego ma na celu przygotowanie piel\u0119gniarki do:<br \/><span class=\"v1v1x3nfvp2 v1v1x1j61x8r v1v1x1fcty0u v1v1xdj266r v1v1xhhsvwb v1v1xat24cr v1v1xgzva0m v1v1xxymvpz v1v1xlup9mm v1v1x1kky2od\"><img decoding=\"async\" src=\"https:\/\/poczta.iq.pl\/program\/resources\/blocked.gif\" alt=\"\u25fe\ufe0f\" width=\"16\" height=\"16\" \/><\/span>\u00a0pe\u0142nienia funkcji zawodowych piel\u0119gniarki anestezjologicznej i intensywnej opieki;<br \/><span class=\"v1v1x3nfvp2 v1v1x1j61x8r v1v1x1fcty0u v1v1xdj266r v1v1xhhsvwb v1v1xat24cr v1v1xgzva0m v1v1xxymvpz v1v1xlup9mm v1v1x1kky2od\"><img decoding=\"async\" src=\"https:\/\/poczta.iq.pl\/program\/resources\/blocked.gif\" alt=\"\u25fe\ufe0f\" width=\"16\" height=\"16\" \/><\/span>\u00a0wykonywania podstawowych zada\u0144 zwi\u0105zanych ze znieczuleniem doros\u0142ych, dzieci i noworodk\u00f3w;<br \/><span class=\"v1v1x3nfvp2 v1v1x1j61x8r v1v1x1fcty0u v1v1xdj266r v1v1xhhsvwb v1v1xat24cr v1v1xgzva0m v1v1xxymvpz v1v1xlup9mm v1v1x1kky2od\"><img decoding=\"async\" src=\"https:\/\/poczta.iq.pl\/program\/resources\/blocked.gif\" alt=\"\u25fe\ufe0f\" width=\"16\" height=\"16\" \/><\/span>\u00a0obj\u0119cia opiek\u0105 chorego leczonego na oddziale intensywnej terapii;<br \/><span class=\"v1v1x3nfvp2 v1v1x1j61x8r v1v1x1fcty0u v1v1xdj266r v1v1xhhsvwb v1v1xat24cr v1v1xgzva0m v1v1xxymvpz v1v1xlup9mm v1v1x1kky2od\"><img decoding=\"async\" src=\"https:\/\/poczta.iq.pl\/program\/resources\/blocked.gif\" alt=\"\u25fe\ufe0f\" width=\"16\" height=\"16\" \/><\/span>\u00a0podawania lek\u00f3w stosowanych w anestezjologii i intensywnej terapii;<br \/><span class=\"v1v1x3nfvp2 v1v1x1j61x8r v1v1x1fcty0u v1v1xdj266r v1v1xhhsvwb v1v1xat24cr v1v1xgzva0m v1v1xxymvpz v1v1xlup9mm v1v1x1kky2od\"><img decoding=\"async\" src=\"https:\/\/poczta.iq.pl\/program\/resources\/blocked.gif\" alt=\"\u25fe\ufe0f\" width=\"16\" height=\"16\" \/><\/span>\u00a0zapobiegania zaka\u017ceniom szpitalnym na oddzia\u0142ach anestezjologii i intensywnej terapii.<br \/><br \/>Do kursu kwalifikacyjnego mog\u0105 przyst\u0105pi\u0107 piel\u0119gniarki, kt\u00f3re:<br \/><span class=\"v1v1x3nfvp2 v1v1x1j61x8r v1v1x1fcty0u v1v1xdj266r v1v1xhhsvwb v1v1xat24cr v1v1xgzva0m v1v1xxymvpz v1v1xlup9mm v1v1x1kky2od\"><img decoding=\"async\" src=\"https:\/\/poczta.iq.pl\/program\/resources\/blocked.gif\" alt=\"\ud83d\udd39\" width=\"16\" height=\"16\" \/><\/span>\u00a0posiadaj\u0105 prawo wykonywania zawodu<br \/><span class=\"v1v1x3nfvp2 v1v1x1j61x8r v1v1x1fcty0u v1v1xdj266r v1v1xhhsvwb v1v1xat24cr v1v1xgzva0m v1v1xxymvpz v1v1xlup9mm v1v1x1kky2od\"><img decoding=\"async\" src=\"https:\/\/poczta.iq.pl\/program\/resources\/blocked.gif\" alt=\"\ud83d\udd39\" width=\"16\" height=\"16\" \/><\/span>\u00a0posiadaj\u0105 co najmniej 6-miesi\u0119czny sta\u017c pracy w zawodzie<br \/><br \/>Do dnia uko\u0144czenia kursu nale\u017cy zrealizowa\u0107 kursy specjalistyczne:<br \/><span class=\"v1v1x3nfvp2 v1v1x1j61x8r v1v1x1fcty0u v1v1xdj266r v1v1xhhsvwb v1v1xat24cr v1v1xgzva0m v1v1xxymvpz v1v1xlup9mm v1v1x1kky2od\"><img loading=\"lazy\" decoding=\"async\" src=\"https:\/\/poczta.iq.pl\/program\/resources\/blocked.gif\" alt=\"\ud83d\udd38\" width=\"16\" height=\"16\" \/><\/span>\u00a0Resuscytacja Kr\u0105\u017ceniowo-Oddechowa (RKO)<br \/><span class=\"v1v1x3nfvp2 v1v1x1j61x8r v1v1x1fcty0u v1v1xdj266r v1v1xhhsvwb v1v1xat24cr v1v1xgzva0m v1v1xxymvpz v1v1xlup9mm v1v1x1kky2od\"><img loading=\"lazy\" decoding=\"async\" src=\"https:\/\/poczta.iq.pl\/program\/resources\/blocked.gif\" alt=\"\ud83d\udd38\" width=\"16\" height=\"16\" \/><\/span>\u00a0EKG<br \/><br \/>Wym\u00f3g posiadania kurs\u00f3w EKG i RKO nie dotyczy piel\u0119gniarek, kt\u00f3re:<br \/><span class=\"v1v1x3nfvp2 v1v1x1j61x8r v1v1x1fcty0u v1v1xdj266r v1v1xhhsvwb v1v1xat24cr v1v1xgzva0m v1v1xxymvpz v1v1xlup9mm v1v1x1kky2od\"><img decoding=\"async\" src=\"https:\/\/poczta.iq.pl\/program\/resources\/blocked.gif\" alt=\"\u25fe\ufe0f\" width=\"16\" height=\"16\" \/><\/span>\u00a0s\u0105 piel\u0119gniarkami systemu w rozumieniu art. 3 pkt. 6 ustawy z dn. 8 wrze\u015bnia 2006 o Pa\u0144stwowym Ratownictwie Medycznym,<br \/><span class=\"v1v1x3nfvp2 v1v1x1j61x8r v1v1x1fcty0u v1v1xdj266r v1v1xhhsvwb v1v1xat24cr v1v1xgzva0m v1v1xxymvpz v1v1xlup9mm v1v1x1kky2od\"><img decoding=\"async\" src=\"https:\/\/poczta.iq.pl\/program\/resources\/blocked.gif\" alt=\"\u25fe\ufe0f\" width=\"16\" height=\"16\" \/><\/span>\u00a0posiadaj\u0105 dyplom ratownika medycznego,<br \/>lub<br \/><span class=\"v1v1x3nfvp2 v1v1x1j61x8r v1v1x1fcty0u v1v1xdj266r v1v1xhhsvwb v1v1xat24cr v1v1xgzva0m v1v1xxymvpz v1v1xlup9mm v1v1x1kky2od\"><img decoding=\"async\" src=\"https:\/\/poczta.iq.pl\/program\/resources\/blocked.gif\" alt=\"\u25fe\ufe0f\" width=\"16\" height=\"16\" \/><\/span>\u00a0uko\u0144czy\u0142y kurs Advanced Life Support (ALS)<\/p><p>Wi\u0119cej informacji pod numerem tel. : 41 368 00 66<\/p>\t\t\t\t\t\t\t\t<\/div>\n\t\t\t\t<\/div>\n\t\t\t\t\t<\/div>\n\t\t<\/div>\n\t\t\t\t\t<\/div>\n\t\t<\/section>\n\t\t\t\t<\/div>\n\t\t","protected":false},"excerpt":{"rendered":"<p>Uwaga !\u00a0 Kurs kwalifikacyjny piel\u0119gniarstwa anestezjologicznego ma na celu przygotowanie piel\u0119gniarki do:\u00a0pe\u0142nienia funkcji zawodowych piel\u0119gniarki anestezjologicznej i intensywnej opieki;\u00a0wykonywania podstawowych zada\u0144 zwi\u0105zanych ze znieczuleniem doros\u0142ych, dzieci i noworodk\u00f3w;\u00a0obj\u0119cia opiek\u0105 chorego leczonego na oddziale intensywnej terapii;\u00a0podawania lek\u00f3w stosowanych w anestezjologii i intensywnej terapii;\u00a0zapobiegania zaka\u017ceniom szpitalnym na oddzia\u0142ach anestezjologii i intensywnej terapii. Do kursu kwalifikacyjnego mog\u0105 przyst\u0105pi\u0107&#8230;<\/p>\n","protected":false},"author":3,"featured_media":5916,"comment_status":"open","ping_status":"open","sticky":false,"template":"","format":"standard","meta":{"footnotes":""},"categories":[1],"tags":[],"class_list":["post-5915","post","type-post","status-publish","format-standard","has-post-thumbnail","hentry","category-bez-kategorii"],"yoast_head":"<!-- This site is optimized with the Yoast SEO plugin v26.9 - https:\/\/yoast.com\/product\/yoast-seo-wordpress\/ -->\n<title>Harmonogram szkole\u0144 - Akademia Zdrowia Kielce<\/title>\n<meta name=\"robots\" content=\"index, follow, max-snippet:-1, max-image-preview:large, max-video-preview:-1\" \/>\n<link rel=\"canonical\" href=\"https:\/\/akademia-zdrowia.pl\/kielce\/harmonogram-szkolenia\/\" \/>\n<meta property=\"og:locale\" content=\"pl_PL\" \/>\n<meta property=\"og:type\" content=\"article\" \/>\n<meta property=\"og:title\" content=\"Harmonogram szkole\u0144 - Akademia Zdrowia Kielce\" \/>\n<meta property=\"og:description\" content=\"Uwaga !\u00a0 Kurs kwalifikacyjny piel\u0119gniarstwa anestezjologicznego ma na celu przygotowanie piel\u0119gniarki do:\u00a0pe\u0142nienia funkcji zawodowych piel\u0119gniarki anestezjologicznej i intensywnej opieki;\u00a0wykonywania podstawowych zada\u0144 zwi\u0105zanych ze znieczuleniem doros\u0142ych, dzieci i noworodk\u00f3w;\u00a0obj\u0119cia opiek\u0105 chorego leczonego na oddziale intensywnej terapii;\u00a0podawania lek\u00f3w stosowanych w anestezjologii i intensywnej terapii;\u00a0zapobiegania zaka\u017ceniom szpitalnym na oddzia\u0142ach anestezjologii i intensywnej terapii. Do kursu kwalifikacyjnego mog\u0105 przyst\u0105pi\u0107...\" \/>\n<meta property=\"og:url\" content=\"https:\/\/akademia-zdrowia.pl\/kielce\/harmonogram-szkolenia\/\" \/>\n<meta property=\"og:site_name\" content=\"Akademia Zdrowia Kielce\" \/>\n<meta property=\"article:published_time\" content=\"2023-02-28T13:47:06+00:00\" \/>\n<meta property=\"article:modified_time\" content=\"2023-02-28T13:48:40+00:00\" \/>\n<meta property=\"og:image\" content=\"https:\/\/akademia-zdrowia.pl\/kielce\/wp-content\/uploads\/2023\/02\/Specjalizacje-dla-pielegniarek-i-poloznych-2.png\" \/>\n\t<meta property=\"og:image:width\" content=\"1080\" \/>\n\t<meta property=\"og:image:height\" content=\"1080\" \/>\n\t<meta property=\"og:image:type\" content=\"image\/png\" \/>\n<meta name=\"author\" content=\"akademia\" \/>\n<meta name=\"twitter:card\" content=\"summary_large_image\" \/>\n<meta name=\"twitter:label1\" content=\"Napisane przez\" \/>\n\t<meta name=\"twitter:data1\" content=\"akademia\" \/>\n\t<meta name=\"twitter:label2\" content=\"Szacowany czas czytania\" \/>\n\t<meta name=\"twitter:data2\" content=\"4 minuty\" \/>\n<script type=\"application\/ld+json\" class=\"yoast-schema-graph\">{\"@context\":\"https:\/\/schema.org\",\"@graph\":[{\"@type\":\"Article\",\"@id\":\"https:\/\/akademia-zdrowia.pl\/kielce\/harmonogram-szkolenia\/#article\",\"isPartOf\":{\"@id\":\"https:\/\/akademia-zdrowia.pl\/kielce\/harmonogram-szkolenia\/\"},\"author\":{\"name\":\"akademia\",\"@id\":\"https:\/\/akademia-zdrowia.pl\/kielce\/#\/schema\/person\/50d9c5839dde13c0b30557a5c99748fc\"},\"headline\":\"Harmonogram szkole\u0144\",\"datePublished\":\"2023-02-28T13:47:06+00:00\",\"dateModified\":\"2023-02-28T13:48:40+00:00\",\"mainEntityOfPage\":{\"@id\":\"https:\/\/akademia-zdrowia.pl\/kielce\/harmonogram-szkolenia\/\"},\"wordCount\":156,\"commentCount\":0,\"image\":{\"@id\":\"https:\/\/akademia-zdrowia.pl\/kielce\/harmonogram-szkolenia\/#primaryimage\"},\"thumbnailUrl\":\"https:\/\/akademia-zdrowia.pl\/kielce\/wp-content\/uploads\/2023\/02\/Specjalizacje-dla-pielegniarek-i-poloznych-2.png\",\"inLanguage\":\"pl-PL\",\"potentialAction\":[{\"@type\":\"CommentAction\",\"name\":\"Comment\",\"target\":[\"https:\/\/akademia-zdrowia.pl\/kielce\/harmonogram-szkolenia\/#respond\"]}]},{\"@type\":\"WebPage\",\"@id\":\"https:\/\/akademia-zdrowia.pl\/kielce\/harmonogram-szkolenia\/\",\"url\":\"https:\/\/akademia-zdrowia.pl\/kielce\/harmonogram-szkolenia\/\",\"name\":\"Harmonogram szkole\u0144 - Akademia Zdrowia Kielce\",\"isPartOf\":{\"@id\":\"https:\/\/akademia-zdrowia.pl\/kielce\/#website\"},\"primaryImageOfPage\":{\"@id\":\"https:\/\/akademia-zdrowia.pl\/kielce\/harmonogram-szkolenia\/#primaryimage\"},\"image\":{\"@id\":\"https:\/\/akademia-zdrowia.pl\/kielce\/harmonogram-szkolenia\/#primaryimage\"},\"thumbnailUrl\":\"https:\/\/akademia-zdrowia.pl\/kielce\/wp-content\/uploads\/2023\/02\/Specjalizacje-dla-pielegniarek-i-poloznych-2.png\",\"datePublished\":\"2023-02-28T13:47:06+00:00\",\"dateModified\":\"2023-02-28T13:48:40+00:00\",\"author\":{\"@id\":\"https:\/\/akademia-zdrowia.pl\/kielce\/#\/schema\/person\/50d9c5839dde13c0b30557a5c99748fc\"},\"breadcrumb\":{\"@id\":\"https:\/\/akademia-zdrowia.pl\/kielce\/harmonogram-szkolenia\/#breadcrumb\"},\"inLanguage\":\"pl-PL\",\"potentialAction\":[{\"@type\":\"ReadAction\",\"target\":[\"https:\/\/akademia-zdrowia.pl\/kielce\/harmonogram-szkolenia\/\"]}]},{\"@type\":\"ImageObject\",\"inLanguage\":\"pl-PL\",\"@id\":\"https:\/\/akademia-zdrowia.pl\/kielce\/harmonogram-szkolenia\/#primaryimage\",\"url\":\"https:\/\/akademia-zdrowia.pl\/kielce\/wp-content\/uploads\/2023\/02\/Specjalizacje-dla-pielegniarek-i-poloznych-2.png\",\"contentUrl\":\"https:\/\/akademia-zdrowia.pl\/kielce\/wp-content\/uploads\/2023\/02\/Specjalizacje-dla-pielegniarek-i-poloznych-2.png\",\"width\":1080,\"height\":1080},{\"@type\":\"BreadcrumbList\",\"@id\":\"https:\/\/akademia-zdrowia.pl\/kielce\/harmonogram-szkolenia\/#breadcrumb\",\"itemListElement\":[{\"@type\":\"ListItem\",\"position\":1,\"name\":\"Strona g\u0142\u00f3wna\",\"item\":\"https:\/\/akademia-zdrowia.pl\/kielce\/\"},{\"@type\":\"ListItem\",\"position\":2,\"name\":\"Harmonogram szkole\u0144\"}]},{\"@type\":\"WebSite\",\"@id\":\"https:\/\/akademia-zdrowia.pl\/kielce\/#website\",\"url\":\"https:\/\/akademia-zdrowia.pl\/kielce\/\",\"name\":\"Akademia Zdrowia Kielce\",\"description\":\"Kolejna witryna oparta na WordPressie\",\"potentialAction\":[{\"@type\":\"SearchAction\",\"target\":{\"@type\":\"EntryPoint\",\"urlTemplate\":\"https:\/\/akademia-zdrowia.pl\/kielce\/?s={search_term_string}\"},\"query-input\":{\"@type\":\"PropertyValueSpecification\",\"valueRequired\":true,\"valueName\":\"search_term_string\"}}],\"inLanguage\":\"pl-PL\"},{\"@type\":\"Person\",\"@id\":\"https:\/\/akademia-zdrowia.pl\/kielce\/#\/schema\/person\/50d9c5839dde13c0b30557a5c99748fc\",\"name\":\"akademia\",\"image\":{\"@type\":\"ImageObject\",\"inLanguage\":\"pl-PL\",\"@id\":\"https:\/\/akademia-zdrowia.pl\/kielce\/#\/schema\/person\/image\/\",\"url\":\"https:\/\/secure.gravatar.com\/avatar\/e235d507e816a3791b03bc1ddb29ccb4e84d21af2b6bed898bb4b582653abd31?s=96&d=mm&r=g\",\"contentUrl\":\"https:\/\/secure.gravatar.com\/avatar\/e235d507e816a3791b03bc1ddb29ccb4e84d21af2b6bed898bb4b582653abd31?s=96&d=mm&r=g\",\"caption\":\"akademia\"}}]}<\/script>\n<!-- \/ Yoast SEO plugin. -->","yoast_head_json":{"title":"Harmonogram szkole\u0144 - Akademia Zdrowia Kielce","robots":{"index":"index","follow":"follow","max-snippet":"max-snippet:-1","max-image-preview":"max-image-preview:large","max-video-preview":"max-video-preview:-1"},"canonical":"https:\/\/akademia-zdrowia.pl\/kielce\/harmonogram-szkolenia\/","og_locale":"pl_PL","og_type":"article","og_title":"Harmonogram szkole\u0144 - Akademia Zdrowia Kielce","og_description":"Uwaga !\u00a0 Kurs kwalifikacyjny piel\u0119gniarstwa anestezjologicznego ma na celu przygotowanie piel\u0119gniarki do:\u00a0pe\u0142nienia funkcji zawodowych piel\u0119gniarki anestezjologicznej i intensywnej opieki;\u00a0wykonywania podstawowych zada\u0144 zwi\u0105zanych ze znieczuleniem doros\u0142ych, dzieci i noworodk\u00f3w;\u00a0obj\u0119cia opiek\u0105 chorego leczonego na oddziale intensywnej terapii;\u00a0podawania lek\u00f3w stosowanych w anestezjologii i intensywnej terapii;\u00a0zapobiegania zaka\u017ceniom szpitalnym na oddzia\u0142ach anestezjologii i intensywnej terapii. Do kursu kwalifikacyjnego mog\u0105 przyst\u0105pi\u0107...","og_url":"https:\/\/akademia-zdrowia.pl\/kielce\/harmonogram-szkolenia\/","og_site_name":"Akademia Zdrowia Kielce","article_published_time":"2023-02-28T13:47:06+00:00","article_modified_time":"2023-02-28T13:48:40+00:00","og_image":[{"width":1080,"height":1080,"url":"https:\/\/akademia-zdrowia.pl\/kielce\/wp-content\/uploads\/2023\/02\/Specjalizacje-dla-pielegniarek-i-poloznych-2.png","type":"image\/png"}],"author":"akademia","twitter_card":"summary_large_image","twitter_misc":{"Napisane przez":"akademia","Szacowany czas czytania":"4 minuty"},"schema":{"@context":"https:\/\/schema.org","@graph":[{"@type":"Article","@id":"https:\/\/akademia-zdrowia.pl\/kielce\/harmonogram-szkolenia\/#article","isPartOf":{"@id":"https:\/\/akademia-zdrowia.pl\/kielce\/harmonogram-szkolenia\/"},"author":{"name":"akademia","@id":"https:\/\/akademia-zdrowia.pl\/kielce\/#\/schema\/person\/50d9c5839dde13c0b30557a5c99748fc"},"headline":"Harmonogram szkole\u0144","datePublished":"2023-02-28T13:47:06+00:00","dateModified":"2023-02-28T13:48:40+00:00","mainEntityOfPage":{"@id":"https:\/\/akademia-zdrowia.pl\/kielce\/harmonogram-szkolenia\/"},"wordCount":156,"commentCount":0,"image":{"@id":"https:\/\/akademia-zdrowia.pl\/kielce\/harmonogram-szkolenia\/#primaryimage"},"thumbnailUrl":"https:\/\/akademia-zdrowia.pl\/kielce\/wp-content\/uploads\/2023\/02\/Specjalizacje-dla-pielegniarek-i-poloznych-2.png","inLanguage":"pl-PL","potentialAction":[{"@type":"CommentAction","name":"Comment","target":["https:\/\/akademia-zdrowia.pl\/kielce\/harmonogram-szkolenia\/#respond"]}]},{"@type":"WebPage","@id":"https:\/\/akademia-zdrowia.pl\/kielce\/harmonogram-szkolenia\/","url":"https:\/\/akademia-zdrowia.pl\/kielce\/harmonogram-szkolenia\/","name":"Harmonogram szkole\u0144 - Akademia Zdrowia Kielce","isPartOf":{"@id":"https:\/\/akademia-zdrowia.pl\/kielce\/#website"},"primaryImageOfPage":{"@id":"https:\/\/akademia-zdrowia.pl\/kielce\/harmonogram-szkolenia\/#primaryimage"},"image":{"@id":"https:\/\/akademia-zdrowia.pl\/kielce\/harmonogram-szkolenia\/#primaryimage"},"thumbnailUrl":"https:\/\/akademia-zdrowia.pl\/kielce\/wp-content\/uploads\/2023\/02\/Specjalizacje-dla-pielegniarek-i-poloznych-2.png","datePublished":"2023-02-28T13:47:06+00:00","dateModified":"2023-02-28T13:48:40+00:00","author":{"@id":"https:\/\/akademia-zdrowia.pl\/kielce\/#\/schema\/person\/50d9c5839dde13c0b30557a5c99748fc"},"breadcrumb":{"@id":"https:\/\/akademia-zdrowia.pl\/kielce\/harmonogram-szkolenia\/#breadcrumb"},"inLanguage":"pl-PL","potentialAction":[{"@type":"ReadAction","target":["https:\/\/akademia-zdrowia.pl\/kielce\/harmonogram-szkolenia\/"]}]},{"@type":"ImageObject","inLanguage":"pl-PL","@id":"https:\/\/akademia-zdrowia.pl\/kielce\/harmonogram-szkolenia\/#primaryimage","url":"https:\/\/akademia-zdrowia.pl\/kielce\/wp-content\/uploads\/2023\/02\/Specjalizacje-dla-pielegniarek-i-poloznych-2.png","contentUrl":"https:\/\/akademia-zdrowia.pl\/kielce\/wp-content\/uploads\/2023\/02\/Specjalizacje-dla-pielegniarek-i-poloznych-2.png","width":1080,"height":1080},{"@type":"BreadcrumbList","@id":"https:\/\/akademia-zdrowia.pl\/kielce\/harmonogram-szkolenia\/#breadcrumb","itemListElement":[{"@type":"ListItem","position":1,"name":"Strona g\u0142\u00f3wna","item":"https:\/\/akademia-zdrowia.pl\/kielce\/"},{"@type":"ListItem","position":2,"name":"Harmonogram szkole\u0144"}]},{"@type":"WebSite","@id":"https:\/\/akademia-zdrowia.pl\/kielce\/#website","url":"https:\/\/akademia-zdrowia.pl\/kielce\/","name":"Akademia Zdrowia Kielce","description":"Kolejna witryna oparta na WordPressie","potentialAction":[{"@type":"SearchAction","target":{"@type":"EntryPoint","urlTemplate":"https:\/\/akademia-zdrowia.pl\/kielce\/?s={search_term_string}"},"query-input":{"@type":"PropertyValueSpecification","valueRequired":true,"valueName":"search_term_string"}}],"inLanguage":"pl-PL"},{"@type":"Person","@id":"https:\/\/akademia-zdrowia.pl\/kielce\/#\/schema\/person\/50d9c5839dde13c0b30557a5c99748fc","name":"akademia","image":{"@type":"ImageObject","inLanguage":"pl-PL","@id":"https:\/\/akademia-zdrowia.pl\/kielce\/#\/schema\/person\/image\/","url":"https:\/\/secure.gravatar.com\/avatar\/e235d507e816a3791b03bc1ddb29ccb4e84d21af2b6bed898bb4b582653abd31?s=96&d=mm&r=g","contentUrl":"https:\/\/secure.gravatar.com\/avatar\/e235d507e816a3791b03bc1ddb29ccb4e84d21af2b6bed898bb4b582653abd31?s=96&d=mm&r=g","caption":"akademia"}}]}},"_links":{"self":[{"href":"https:\/\/akademia-zdrowia.pl\/kielce\/wp-json\/wp\/v2\/posts\/5915","targetHints":{"allow":["GET"]}}],"collection":[{"href":"https:\/\/akademia-zdrowia.pl\/kielce\/wp-json\/wp\/v2\/posts"}],"about":[{"href":"https:\/\/akademia-zdrowia.pl\/kielce\/wp-json\/wp\/v2\/types\/post"}],"author":[{"embeddable":true,"href":"https:\/\/akademia-zdrowia.pl\/kielce\/wp-json\/wp\/v2\/users\/3"}],"replies":[{"embeddable":true,"href":"https:\/\/akademia-zdrowia.pl\/kielce\/wp-json\/wp\/v2\/comments?post=5915"}],"version-history":[{"count":5,"href":"https:\/\/akademia-zdrowia.pl\/kielce\/wp-json\/wp\/v2\/posts\/5915\/revisions"}],"predecessor-version":[{"id":5921,"href":"https:\/\/akademia-zdrowia.pl\/kielce\/wp-json\/wp\/v2\/posts\/5915\/revisions\/5921"}],"wp:featuredmedia":[{"embeddable":true,"href":"https:\/\/akademia-zdrowia.pl\/kielce\/wp-json\/wp\/v2\/media\/5916"}],"wp:attachment":[{"href":"https:\/\/akademia-zdrowia.pl\/kielce\/wp-json\/wp\/v2\/media?parent=5915"}],"wp:term":[{"taxonomy":"category","embeddable":true,"href":"https:\/\/akademia-zdrowia.pl\/kielce\/wp-json\/wp\/v2\/categories?post=5915"},{"taxonomy":"post_tag","embeddable":true,"href":"https:\/\/akademia-zdrowia.pl\/kielce\/wp-json\/wp\/v2\/tags?post=5915"}],"curies":[{"name":"wp","href":"https:\/\/api.w.org\/{rel}","templated":true}]}}