{"id":977,"date":"2018-01-03T11:28:28","date_gmt":"2018-01-03T10:28:28","guid":{"rendered":"http:\/\/www.akademia-zdrowia.pl\/lodz\/?p=132"},"modified":"2022-08-12T23:12:51","modified_gmt":"2022-08-12T21:12:51","slug":"informujemy-ze-w-okresie-swiatecznym-sekretariat-akademii-zdrowia-bedzie-nieczynny","status":"publish","type":"post","link":"https:\/\/akademia-zdrowia.pl\/kielce\/informujemy-ze-w-okresie-swiatecznym-sekretariat-akademii-zdrowia-bedzie-nieczynny\/","title":{"rendered":"Informujemy, \u017ce w okresie \u015bwi\u0105tecznym sekretariat Akademii Zdrowia b\u0119dzie NIECZYNNY"},"content":{"rendered":"<p><img fetchpriority=\"high\" decoding=\"async\" src=\"http:\/\/localhost\/files\/fck\/Image\/stronka\/Uwaga%20!!!.jpg\" alt=\"\" width=\"810\" height=\"450\" \/><\/p>\n","protected":false},"excerpt":{"rendered":"","protected":false},"author":1,"featured_media":1084,"comment_status":"closed","ping_status":"closed","sticky":false,"template":"","format":"standard","meta":{"footnotes":""},"categories":[1],"tags":[],"class_list":["post-977","post","type-post","status-publish","format-standard","has-post-thumbnail","hentry","category-bez-kategorii"],"yoast_head":"<!-- This site is optimized with the Yoast SEO plugin v26.9 - https:\/\/yoast.com\/product\/yoast-seo-wordpress\/ -->\n<title>Informujemy, \u017ce w okresie \u015bwi\u0105tecznym sekretariat Akademii Zdrowia b\u0119dzie NIECZYNNY - Akademia Zdrowia Kielce<\/title>\n<meta name=\"robots\" content=\"index, follow, max-snippet:-1, max-image-preview:large, max-video-preview:-1\" \/>\n<link rel=\"canonical\" href=\"https:\/\/akademia-zdrowia.pl\/kielce\/informujemy-ze-w-okresie-swiatecznym-sekretariat-akademii-zdrowia-bedzie-nieczynny\/\" \/>\n<meta property=\"og:locale\" content=\"pl_PL\" \/>\n<meta property=\"og:type\" content=\"article\" \/>\n<meta property=\"og:title\" content=\"Informujemy, \u017ce w okresie \u015bwi\u0105tecznym sekretariat Akademii Zdrowia b\u0119dzie NIECZYNNY - Akademia Zdrowia Kielce\" \/>\n<meta property=\"og:url\" content=\"https:\/\/akademia-zdrowia.pl\/kielce\/informujemy-ze-w-okresie-swiatecznym-sekretariat-akademii-zdrowia-bedzie-nieczynny\/\" \/>\n<meta property=\"og:site_name\" content=\"Akademia Zdrowia Kielce\" \/>\n<meta property=\"article:published_time\" content=\"2018-01-03T10:28:28+00:00\" \/>\n<meta property=\"article:modified_time\" content=\"2022-08-12T21:12:51+00:00\" \/>\n<meta property=\"og:image\" content=\"https:\/\/akademia-zdrowia.pl\/kielce\/wp-content\/uploads\/2018\/01\/uwaga.jpg\" \/>\n\t<meta property=\"og:image:width\" content=\"810\" \/>\n\t<meta property=\"og:image:height\" content=\"450\" \/>\n\t<meta property=\"og:image:type\" content=\"image\/jpeg\" \/>\n<meta name=\"author\" content=\"grafpro\" \/>\n<meta name=\"twitter:card\" content=\"summary_large_image\" \/>\n<meta name=\"twitter:label1\" content=\"Napisane przez\" \/>\n\t<meta name=\"twitter:data1\" content=\"grafpro\" \/>\n<script type=\"application\/ld+json\" class=\"yoast-schema-graph\">{\"@context\":\"https:\/\/schema.org\",\"@graph\":[{\"@type\":\"Article\",\"@id\":\"https:\/\/akademia-zdrowia.pl\/kielce\/informujemy-ze-w-okresie-swiatecznym-sekretariat-akademii-zdrowia-bedzie-nieczynny\/#article\",\"isPartOf\":{\"@id\":\"https:\/\/akademia-zdrowia.pl\/kielce\/informujemy-ze-w-okresie-swiatecznym-sekretariat-akademii-zdrowia-bedzie-nieczynny\/\"},\"author\":{\"name\":\"grafpro\",\"@id\":\"https:\/\/akademia-zdrowia.pl\/kielce\/#\/schema\/person\/82c1caa75b251b3f13678950c21f54d6\"},\"headline\":\"Informujemy, \u017ce w okresie \u015bwi\u0105tecznym sekretariat Akademii Zdrowia b\u0119dzie NIECZYNNY\",\"datePublished\":\"2018-01-03T10:28:28+00:00\",\"dateModified\":\"2022-08-12T21:12:51+00:00\",\"mainEntityOfPage\":{\"@id\":\"https:\/\/akademia-zdrowia.pl\/kielce\/informujemy-ze-w-okresie-swiatecznym-sekretariat-akademii-zdrowia-bedzie-nieczynny\/\"},\"wordCount\":12,\"image\":{\"@id\":\"https:\/\/akademia-zdrowia.pl\/kielce\/informujemy-ze-w-okresie-swiatecznym-sekretariat-akademii-zdrowia-bedzie-nieczynny\/#primaryimage\"},\"thumbnailUrl\":\"https:\/\/akademia-zdrowia.pl\/kielce\/wp-content\/uploads\/2018\/01\/uwaga.jpg\",\"inLanguage\":\"pl-PL\"},{\"@type\":\"WebPage\",\"@id\":\"https:\/\/akademia-zdrowia.pl\/kielce\/informujemy-ze-w-okresie-swiatecznym-sekretariat-akademii-zdrowia-bedzie-nieczynny\/\",\"url\":\"https:\/\/akademia-zdrowia.pl\/kielce\/informujemy-ze-w-okresie-swiatecznym-sekretariat-akademii-zdrowia-bedzie-nieczynny\/\",\"name\":\"Informujemy, \u017ce w okresie \u015bwi\u0105tecznym sekretariat Akademii Zdrowia b\u0119dzie NIECZYNNY - Akademia Zdrowia Kielce\",\"isPartOf\":{\"@id\":\"https:\/\/akademia-zdrowia.pl\/kielce\/#website\"},\"primaryImageOfPage\":{\"@id\":\"https:\/\/akademia-zdrowia.pl\/kielce\/informujemy-ze-w-okresie-swiatecznym-sekretariat-akademii-zdrowia-bedzie-nieczynny\/#primaryimage\"},\"image\":{\"@id\":\"https:\/\/akademia-zdrowia.pl\/kielce\/informujemy-ze-w-okresie-swiatecznym-sekretariat-akademii-zdrowia-bedzie-nieczynny\/#primaryimage\"},\"thumbnailUrl\":\"https:\/\/akademia-zdrowia.pl\/kielce\/wp-content\/uploads\/2018\/01\/uwaga.jpg\",\"datePublished\":\"2018-01-03T10:28:28+00:00\",\"dateModified\":\"2022-08-12T21:12:51+00:00\",\"author\":{\"@id\":\"https:\/\/akademia-zdrowia.pl\/kielce\/#\/schema\/person\/82c1caa75b251b3f13678950c21f54d6\"},\"breadcrumb\":{\"@id\":\"https:\/\/akademia-zdrowia.pl\/kielce\/informujemy-ze-w-okresie-swiatecznym-sekretariat-akademii-zdrowia-bedzie-nieczynny\/#breadcrumb\"},\"inLanguage\":\"pl-PL\",\"potentialAction\":[{\"@type\":\"ReadAction\",\"target\":[\"https:\/\/akademia-zdrowia.pl\/kielce\/informujemy-ze-w-okresie-swiatecznym-sekretariat-akademii-zdrowia-bedzie-nieczynny\/\"]}]},{\"@type\":\"ImageObject\",\"inLanguage\":\"pl-PL\",\"@id\":\"https:\/\/akademia-zdrowia.pl\/kielce\/informujemy-ze-w-okresie-swiatecznym-sekretariat-akademii-zdrowia-bedzie-nieczynny\/#primaryimage\",\"url\":\"https:\/\/akademia-zdrowia.pl\/kielce\/wp-content\/uploads\/2018\/01\/uwaga.jpg\",\"contentUrl\":\"https:\/\/akademia-zdrowia.pl\/kielce\/wp-content\/uploads\/2018\/01\/uwaga.jpg\",\"width\":810,\"height\":450},{\"@type\":\"BreadcrumbList\",\"@id\":\"https:\/\/akademia-zdrowia.pl\/kielce\/informujemy-ze-w-okresie-swiatecznym-sekretariat-akademii-zdrowia-bedzie-nieczynny\/#breadcrumb\",\"itemListElement\":[{\"@type\":\"ListItem\",\"position\":1,\"name\":\"Strona g\u0142\u00f3wna\",\"item\":\"https:\/\/akademia-zdrowia.pl\/kielce\/\"},{\"@type\":\"ListItem\",\"position\":2,\"name\":\"Informujemy, \u017ce w okresie \u015bwi\u0105tecznym sekretariat Akademii Zdrowia b\u0119dzie NIECZYNNY\"}]},{\"@type\":\"WebSite\",\"@id\":\"https:\/\/akademia-zdrowia.pl\/kielce\/#website\",\"url\":\"https:\/\/akademia-zdrowia.pl\/kielce\/\",\"name\":\"Akademia Zdrowia Kielce\",\"description\":\"Kolejna witryna oparta na WordPressie\",\"potentialAction\":[{\"@type\":\"SearchAction\",\"target\":{\"@type\":\"EntryPoint\",\"urlTemplate\":\"https:\/\/akademia-zdrowia.pl\/kielce\/?s={search_term_string}\"},\"query-input\":{\"@type\":\"PropertyValueSpecification\",\"valueRequired\":true,\"valueName\":\"search_term_string\"}}],\"inLanguage\":\"pl-PL\"},{\"@type\":\"Person\",\"@id\":\"https:\/\/akademia-zdrowia.pl\/kielce\/#\/schema\/person\/82c1caa75b251b3f13678950c21f54d6\",\"name\":\"grafpro\",\"image\":{\"@type\":\"ImageObject\",\"inLanguage\":\"pl-PL\",\"@id\":\"https:\/\/akademia-zdrowia.pl\/kielce\/#\/schema\/person\/image\/\",\"url\":\"https:\/\/secure.gravatar.com\/avatar\/2d5adb7a7f905eecbe0bba2c5f9dd38dbbc2adf65a63f1a4664434301405cac5?s=96&d=mm&r=g\",\"contentUrl\":\"https:\/\/secure.gravatar.com\/avatar\/2d5adb7a7f905eecbe0bba2c5f9dd38dbbc2adf65a63f1a4664434301405cac5?s=96&d=mm&r=g\",\"caption\":\"grafpro\"}}]}<\/script>\n<!-- \/ Yoast SEO plugin. -->","yoast_head_json":{"title":"Informujemy, \u017ce w okresie \u015bwi\u0105tecznym sekretariat Akademii Zdrowia b\u0119dzie NIECZYNNY - Akademia Zdrowia Kielce","robots":{"index":"index","follow":"follow","max-snippet":"max-snippet:-1","max-image-preview":"max-image-preview:large","max-video-preview":"max-video-preview:-1"},"canonical":"https:\/\/akademia-zdrowia.pl\/kielce\/informujemy-ze-w-okresie-swiatecznym-sekretariat-akademii-zdrowia-bedzie-nieczynny\/","og_locale":"pl_PL","og_type":"article","og_title":"Informujemy, \u017ce w okresie \u015bwi\u0105tecznym sekretariat Akademii Zdrowia b\u0119dzie NIECZYNNY - Akademia Zdrowia Kielce","og_url":"https:\/\/akademia-zdrowia.pl\/kielce\/informujemy-ze-w-okresie-swiatecznym-sekretariat-akademii-zdrowia-bedzie-nieczynny\/","og_site_name":"Akademia Zdrowia Kielce","article_published_time":"2018-01-03T10:28:28+00:00","article_modified_time":"2022-08-12T21:12:51+00:00","og_image":[{"width":810,"height":450,"url":"https:\/\/akademia-zdrowia.pl\/kielce\/wp-content\/uploads\/2018\/01\/uwaga.jpg","type":"image\/jpeg"}],"author":"grafpro","twitter_card":"summary_large_image","twitter_misc":{"Napisane przez":"grafpro"},"schema":{"@context":"https:\/\/schema.org","@graph":[{"@type":"Article","@id":"https:\/\/akademia-zdrowia.pl\/kielce\/informujemy-ze-w-okresie-swiatecznym-sekretariat-akademii-zdrowia-bedzie-nieczynny\/#article","isPartOf":{"@id":"https:\/\/akademia-zdrowia.pl\/kielce\/informujemy-ze-w-okresie-swiatecznym-sekretariat-akademii-zdrowia-bedzie-nieczynny\/"},"author":{"name":"grafpro","@id":"https:\/\/akademia-zdrowia.pl\/kielce\/#\/schema\/person\/82c1caa75b251b3f13678950c21f54d6"},"headline":"Informujemy, \u017ce w okresie \u015bwi\u0105tecznym sekretariat Akademii Zdrowia b\u0119dzie NIECZYNNY","datePublished":"2018-01-03T10:28:28+00:00","dateModified":"2022-08-12T21:12:51+00:00","mainEntityOfPage":{"@id":"https:\/\/akademia-zdrowia.pl\/kielce\/informujemy-ze-w-okresie-swiatecznym-sekretariat-akademii-zdrowia-bedzie-nieczynny\/"},"wordCount":12,"image":{"@id":"https:\/\/akademia-zdrowia.pl\/kielce\/informujemy-ze-w-okresie-swiatecznym-sekretariat-akademii-zdrowia-bedzie-nieczynny\/#primaryimage"},"thumbnailUrl":"https:\/\/akademia-zdrowia.pl\/kielce\/wp-content\/uploads\/2018\/01\/uwaga.jpg","inLanguage":"pl-PL"},{"@type":"WebPage","@id":"https:\/\/akademia-zdrowia.pl\/kielce\/informujemy-ze-w-okresie-swiatecznym-sekretariat-akademii-zdrowia-bedzie-nieczynny\/","url":"https:\/\/akademia-zdrowia.pl\/kielce\/informujemy-ze-w-okresie-swiatecznym-sekretariat-akademii-zdrowia-bedzie-nieczynny\/","name":"Informujemy, \u017ce w okresie \u015bwi\u0105tecznym sekretariat Akademii Zdrowia b\u0119dzie NIECZYNNY - Akademia Zdrowia Kielce","isPartOf":{"@id":"https:\/\/akademia-zdrowia.pl\/kielce\/#website"},"primaryImageOfPage":{"@id":"https:\/\/akademia-zdrowia.pl\/kielce\/informujemy-ze-w-okresie-swiatecznym-sekretariat-akademii-zdrowia-bedzie-nieczynny\/#primaryimage"},"image":{"@id":"https:\/\/akademia-zdrowia.pl\/kielce\/informujemy-ze-w-okresie-swiatecznym-sekretariat-akademii-zdrowia-bedzie-nieczynny\/#primaryimage"},"thumbnailUrl":"https:\/\/akademia-zdrowia.pl\/kielce\/wp-content\/uploads\/2018\/01\/uwaga.jpg","datePublished":"2018-01-03T10:28:28+00:00","dateModified":"2022-08-12T21:12:51+00:00","author":{"@id":"https:\/\/akademia-zdrowia.pl\/kielce\/#\/schema\/person\/82c1caa75b251b3f13678950c21f54d6"},"breadcrumb":{"@id":"https:\/\/akademia-zdrowia.pl\/kielce\/informujemy-ze-w-okresie-swiatecznym-sekretariat-akademii-zdrowia-bedzie-nieczynny\/#breadcrumb"},"inLanguage":"pl-PL","potentialAction":[{"@type":"ReadAction","target":["https:\/\/akademia-zdrowia.pl\/kielce\/informujemy-ze-w-okresie-swiatecznym-sekretariat-akademii-zdrowia-bedzie-nieczynny\/"]}]},{"@type":"ImageObject","inLanguage":"pl-PL","@id":"https:\/\/akademia-zdrowia.pl\/kielce\/informujemy-ze-w-okresie-swiatecznym-sekretariat-akademii-zdrowia-bedzie-nieczynny\/#primaryimage","url":"https:\/\/akademia-zdrowia.pl\/kielce\/wp-content\/uploads\/2018\/01\/uwaga.jpg","contentUrl":"https:\/\/akademia-zdrowia.pl\/kielce\/wp-content\/uploads\/2018\/01\/uwaga.jpg","width":810,"height":450},{"@type":"BreadcrumbList","@id":"https:\/\/akademia-zdrowia.pl\/kielce\/informujemy-ze-w-okresie-swiatecznym-sekretariat-akademii-zdrowia-bedzie-nieczynny\/#breadcrumb","itemListElement":[{"@type":"ListItem","position":1,"name":"Strona g\u0142\u00f3wna","item":"https:\/\/akademia-zdrowia.pl\/kielce\/"},{"@type":"ListItem","position":2,"name":"Informujemy, \u017ce w okresie \u015bwi\u0105tecznym sekretariat Akademii Zdrowia b\u0119dzie NIECZYNNY"}]},{"@type":"WebSite","@id":"https:\/\/akademia-zdrowia.pl\/kielce\/#website","url":"https:\/\/akademia-zdrowia.pl\/kielce\/","name":"Akademia Zdrowia Kielce","description":"Kolejna witryna oparta na WordPressie","potentialAction":[{"@type":"SearchAction","target":{"@type":"EntryPoint","urlTemplate":"https:\/\/akademia-zdrowia.pl\/kielce\/?s={search_term_string}"},"query-input":{"@type":"PropertyValueSpecification","valueRequired":true,"valueName":"search_term_string"}}],"inLanguage":"pl-PL"},{"@type":"Person","@id":"https:\/\/akademia-zdrowia.pl\/kielce\/#\/schema\/person\/82c1caa75b251b3f13678950c21f54d6","name":"grafpro","image":{"@type":"ImageObject","inLanguage":"pl-PL","@id":"https:\/\/akademia-zdrowia.pl\/kielce\/#\/schema\/person\/image\/","url":"https:\/\/secure.gravatar.com\/avatar\/2d5adb7a7f905eecbe0bba2c5f9dd38dbbc2adf65a63f1a4664434301405cac5?s=96&d=mm&r=g","contentUrl":"https:\/\/secure.gravatar.com\/avatar\/2d5adb7a7f905eecbe0bba2c5f9dd38dbbc2adf65a63f1a4664434301405cac5?s=96&d=mm&r=g","caption":"grafpro"}}]}},"_links":{"self":[{"href":"https:\/\/akademia-zdrowia.pl\/kielce\/wp-json\/wp\/v2\/posts\/977","targetHints":{"allow":["GET"]}}],"collection":[{"href":"https:\/\/akademia-zdrowia.pl\/kielce\/wp-json\/wp\/v2\/posts"}],"about":[{"href":"https:\/\/akademia-zdrowia.pl\/kielce\/wp-json\/wp\/v2\/types\/post"}],"author":[{"embeddable":true,"href":"https:\/\/akademia-zdrowia.pl\/kielce\/wp-json\/wp\/v2\/users\/1"}],"replies":[{"embeddable":true,"href":"https:\/\/akademia-zdrowia.pl\/kielce\/wp-json\/wp\/v2\/comments?post=977"}],"version-history":[{"count":1,"href":"https:\/\/akademia-zdrowia.pl\/kielce\/wp-json\/wp\/v2\/posts\/977\/revisions"}],"predecessor-version":[{"id":4061,"href":"https:\/\/akademia-zdrowia.pl\/kielce\/wp-json\/wp\/v2\/posts\/977\/revisions\/4061"}],"wp:featuredmedia":[{"embeddable":true,"href":"https:\/\/akademia-zdrowia.pl\/kielce\/wp-json\/wp\/v2\/media\/1084"}],"wp:attachment":[{"href":"https:\/\/akademia-zdrowia.pl\/kielce\/wp-json\/wp\/v2\/media?parent=977"}],"wp:term":[{"taxonomy":"category","embeddable":true,"href":"https:\/\/akademia-zdrowia.pl\/kielce\/wp-json\/wp\/v2\/categories?post=977"},{"taxonomy":"post_tag","embeddable":true,"href":"https:\/\/akademia-zdrowia.pl\/kielce\/wp-json\/wp\/v2\/tags?post=977"}],"curies":[{"name":"wp","href":"https:\/\/api.w.org\/{rel}","templated":true}]}}